{"id":18423,"date":"2020-10-05T07:55:01","date_gmt":"2020-10-05T12:55:01","guid":{"rendered":"http:\/\/www.zonaroja.com.mx\/?p=18423"},"modified":"2020-10-05T07:55:04","modified_gmt":"2020-10-05T12:55:04","slug":"no-habia-certeza-flavio-sosa-sobre-la-militancia-de-morena","status":"publish","type":"post","link":"https:\/\/zonaroja.com.mx\/?p=18423","title":{"rendered":"\u00abNo hab\u00eda certeza\u00bb: Flavio Sosa sobre la militancia de Morena"},"content":{"rendered":"\n<p>Redacci\u00f3n\/Zona Roja Cdmx.<\/p>\n\n\n\n<p>Ciudad de M\u00e9xico, 5 de octubre de 2020.- Flavio Sosa, exdirigente de la Asamblea Popular de los Pueblos de Oaxaca (APPO). revel\u00f3 en \u00abLa Entrevista de Martha Anaya\u00bb que el resultado es propio de un mecanismo abierto como el que estableci\u00f3 el INE, es decir, \u00abno hab\u00eda certeza para la militancia de Morena, esto porque \u00e9l tambi\u00e9n era un candidato a la dirigencia del partido.<\/p>\n\n\n\n<p>\u00abNo la hay-certeza-, porque es una encuesta entre la ciudadan\u00eda entonces, no esperaba mucho\u00bb, dijo Sosa a \u201cEl Heraldo de M\u00e9xico\u201d.<\/p>\n\n\n\n<p>Dijo que no muchos conocen la vida interna de los partidos y se\u00f1al\u00f3 que los partidos no dejan de ser \u00e9lites, espacios cerrados para la ciudadan\u00eda, por lo que cuando se pone a un ciudadano a que opine de un partido, puede dar una opini\u00f3n general.<\/p>\n\n\n\n<p>El tambi\u00e9n representante electoral del Morena dijo que la cultura democr\u00e1tica apenas empieza a permear en la sociedad, misma que con la ayuda de las redes sociales, ayuda a acercarse a la ciudadan\u00eda un poco m\u00e1s, pero a un ciudadano normal \u00able da flojera meterse a la vida interna de un partido pol\u00edtico\u00bb.<\/p>\n\n\n\n<p>Precis\u00f3 que el movimiento obradorista se fue construyendo a trav\u00e9s de los a\u00f1os y esto es la suma de largos procesos que se han dado a lo largo del pa\u00eds, en el que, la presidencia de AMLO, representa el hecho como izquierda social, comunista, que viene del 68, en el que no fueron capaces de obstruir, por lo que se cre\u00f3 una alianza con nacionalismo revolucionario que viene del PRI; con Porfirio Mu\u00f1oz Ledo, L\u00f3pez Obrador, Yeidckol Polevnsky, e Ifigenia Mart\u00ednez, representan una corriente nacionalista revolucionaria dentro del partido.<\/p>\n\n\n\n<p>En entrevista con Martha Anaya, Sosa dijo que L\u00f3pez Obrador hizo una alianza entre el nacionalismo que hab\u00eda, con la izquierda social, creando estos movimientos.<\/p>\n\n\n\n<p>A\u00f1adi\u00f3 que \u00e9l se identifica con la izquierda de Jos\u00e9 Revueltas, y afirm\u00f3 que los discursos de L\u00f3pez Obrador en 2006 y en 2012 y la composici\u00f3n de la gente que est\u00e1 a su alrededor, no es la misma que la del 2018, abri\u00e9ndose mucho m\u00e1s, ampli\u00e1ndose el frente un poco m\u00e1s, en el que se unen empresarios.<\/p>\n\n\n\n<p>Dijo adem\u00e1s que en dos a\u00f1os que lleva gobernando el presidente actual, est\u00e1n paralizados; la izquierda est\u00e1 paralizada.<\/p>\n\n\n\n<p>Aqu\u00ed la entrevista completa de \u201cEl Heraldo de M\u00e9xico\u201d:<\/p>\n\n\n\n<figure class=\"wp-block-embed-youtube wp-block-embed is-type-video is-provider-youtube wp-embed-aspect-16-9 wp-has-aspect-ratio\"><div class=\"wp-block-embed__wrapper\">\n<iframe title=\"Entrevista de Martha Anaya con Flavio Sosa, ex dirigente de la APPO\" width=\"1170\" height=\"658\" src=\"https:\/\/www.youtube.com\/embed\/nXrHlunNdl8?feature=oembed\" frameborder=\"0\" allow=\"accelerometer; autoplay; clipboard-write; encrypted-media; gyroscope; picture-in-picture\" allowfullscreen><\/iframe>\n<\/div><\/figure>\n","protected":false},"excerpt":{"rendered":"<p>Redacci\u00f3n\/Zona Roja Cdmx. Ciudad de M\u00e9xico, 5 de octubre de 2020.- Flavio Sosa, exdirigente de&hellip;<\/p>\n","protected":false},"author":2,"featured_media":18424,"comment_status":"closed","ping_status":"open","sticky":false,"template":"","format":"standard","meta":{"_lmt_disableupdate":"","_lmt_disable":"","_jetpack_memberships_contains_paid_content":false,"footnotes":""},"categories":[109,46],"tags":[685],"class_list":["post-18423","post","type-post","status-publish","format-standard","has-post-thumbnail","hentry","category-minuto-a-minuto","category-zona-blanca","tag-flavio-sosa-villavicencio"],"jetpack_featured_media_url":"https:\/\/zonaroja.com.mx\/wp-content\/uploads\/2020\/10\/Flavio-Sosa-V.jpg","jetpack_sharing_enabled":true,"_links":{"self":[{"href":"https:\/\/zonaroja.com.mx\/index.php?rest_route=\/wp\/v2\/posts\/18423","targetHints":{"allow":["GET"]}}],"collection":[{"href":"https:\/\/zonaroja.com.mx\/index.php?rest_route=\/wp\/v2\/posts"}],"about":[{"href":"https:\/\/zonaroja.com.mx\/index.php?rest_route=\/wp\/v2\/types\/post"}],"author":[{"embeddable":true,"href":"https:\/\/zonaroja.com.mx\/index.php?rest_route=\/wp\/v2\/users\/2"}],"replies":[{"embeddable":true,"href":"https:\/\/zonaroja.com.mx\/index.php?rest_route=%2Fwp%2Fv2%2Fcomments&post=18423"}],"version-history":[{"count":1,"href":"https:\/\/zonaroja.com.mx\/index.php?rest_route=\/wp\/v2\/posts\/18423\/revisions"}],"predecessor-version":[{"id":18425,"href":"https:\/\/zonaroja.com.mx\/index.php?rest_route=\/wp\/v2\/posts\/18423\/revisions\/18425"}],"wp:featuredmedia":[{"embeddable":true,"href":"https:\/\/zonaroja.com.mx\/index.php?rest_route=\/wp\/v2\/media\/18424"}],"wp:attachment":[{"href":"https:\/\/zonaroja.com.mx\/index.php?rest_route=%2Fwp%2Fv2%2Fmedia&parent=18423"}],"wp:term":[{"taxonomy":"category","embeddable":true,"href":"https:\/\/zonaroja.com.mx\/index.php?rest_route=%2Fwp%2Fv2%2Fcategories&post=18423"},{"taxonomy":"post_tag","embeddable":true,"href":"https:\/\/zonaroja.com.mx\/index.php?rest_route=%2Fwp%2Fv2%2Ftags&post=18423"}],"curies":[{"name":"wp","href":"https:\/\/api.w.org\/{rel}","templated":true}]}}