{"id":18432,"date":"2020-10-05T15:06:13","date_gmt":"2020-10-05T20:06:13","guid":{"rendered":"https:\/\/www.zonaroja.com.mx\/?p=18432"},"modified":"2020-10-05T15:06:15","modified_gmt":"2020-10-05T20:06:15","slug":"denuncian-violencia-politica-de-genero-contra-ex-directora-de-dif-tuxtepec-hay-despidos-masivos","status":"publish","type":"post","link":"https:\/\/zonaroja.com.mx\/?p=18432","title":{"rendered":"Denuncian violencia pol\u00edtica de g\u00e9nero contra ex directora de DIF Tuxtepec; hay despidos masivos"},"content":{"rendered":"\n<p class=\"MsoNormal\">Yuridiana Sosa\/Zona Roja. <\/p>\n\n\n\n<p class=\"MsoNormal\">San Juan Bautista Tuxtepec, Oax., 5 de octubre de 2020.- Decenas de trabajadores del ayuntamiento de San Juan Bautista Tuxtepec denunciaron p\u00fablicamente despidos masivos sin pagos salariales, as\u00ed como un posible acto de violencia pol\u00edtica de g\u00e9nero contra la ex directora del DIF Municipal, tambi\u00e9n despedida al finalizar la \u00faltima quincena de septiembre.<\/p>\n\n\n\n<p class=\"MsoNormal\">Este domingo en conferencia de prensa, los trabajadores afectados, en su mayor\u00eda mujeres, se\u00f1alaron que el gobierno municipal que encabeza No\u00e9 Ram\u00edrez Ch\u00e1vez comenz\u00f3 con recortes de personal sin previo aviso, ni pagos salariales de la \u00faltima quincena trabajada, ni de prestaciones de ley.<\/p>\n\n\n\n<p class=\"MsoNormal\">La ex directora municipal del Sistema para el Desarrollo Integral de la Familia (DIF), Lizeth Oseguera, se\u00f1al\u00f3 que su destituci\u00f3n tampoco fue notificada, sin embargo, el edil ya tom\u00f3 protesta a una nueva titular del \u00e1rea el pasado s\u00e1bado 3 de octubre.<\/p>\n\n\n\n<p class=\"MsoNormal\">La afectada apunt\u00f3 que fue a trav\u00e9s de la p\u00e1gina oficial del ayuntamiento como se dio cuenta del relevo en el mando, sin que tuviera conocimiento previo del cambio ni haber firmado alguna renuncia. <\/p>\n\n\n\n<p class=\"MsoNormal\">En el acto del s\u00e1bado, tambi\u00e9n se tom\u00f3 protesta a un nuevo titular del Instituto Municipal de la Juventud, donde adem\u00e1s se registraron despidos sin pagos. <\/p>\n\n\n\n<p class=\"MsoNormal\">Lizeth Oseguera denunci\u00f3 que su despido puede tratarse de un acto de violencia pol\u00edtica de g\u00e9nero, como una acci\u00f3n en represalia a negarse a despedir a otras cinco mujeres de su \u00e1rea que d\u00edas antes le solicit\u00f3 realizar el tesorero municipal, V\u00edctor Ferrer.<\/p>\n\n\n\n<p class=\"MsoNormal\">La ex servidora municipal indic\u00f3 que respondi\u00f3 por escrito su rechazo a los despidos de mujeres de Estancias Infantiles porque no estaba en sus atribuciones, adem\u00e1s que por estar en contingencia se tratar\u00eda de un acto irregular.<\/p>\n\n\n\n<p class=\"MsoNormal\">Los afectados de las distintas \u00e1reas manifestaron que en algunos casos el gobierno municipal justific\u00f3 sus despidos en la falta de presupuesto y en otros casos no ofreci\u00f3 razones, pero a nadie se le pag\u00f3 su \u00faltima quincena, ni prestaciones laborales a las que tienen derecho, por lo que interpondr\u00e1n las denuncias correspondientes para exigir lo que por ley les corresponden. <\/p>\n","protected":false},"excerpt":{"rendered":"<p>Yuridiana Sosa\/Zona Roja. San Juan Bautista Tuxtepec, Oax., 5 de octubre de 2020.- Decenas de&hellip;<\/p>\n","protected":false},"author":2,"featured_media":18431,"comment_status":"closed","ping_status":"open","sticky":false,"template":"","format":"standard","meta":{"_lmt_disableupdate":"","_lmt_disable":"","_jetpack_memberships_contains_paid_content":false,"footnotes":""},"categories":[1],"tags":[],"class_list":["post-18432","post","type-post","status-publish","format-standard","has-post-thumbnail","hentry","category-sin-categoria"],"jetpack_featured_media_url":"https:\/\/zonaroja.com.mx\/wp-content\/uploads\/2020\/10\/ee5d1a29-ac36-4aa1-a4da-21436c5751e7.jpg","jetpack_sharing_enabled":true,"_links":{"self":[{"href":"https:\/\/zonaroja.com.mx\/index.php?rest_route=\/wp\/v2\/posts\/18432","targetHints":{"allow":["GET"]}}],"collection":[{"href":"https:\/\/zonaroja.com.mx\/index.php?rest_route=\/wp\/v2\/posts"}],"about":[{"href":"https:\/\/zonaroja.com.mx\/index.php?rest_route=\/wp\/v2\/types\/post"}],"author":[{"embeddable":true,"href":"https:\/\/zonaroja.com.mx\/index.php?rest_route=\/wp\/v2\/users\/2"}],"replies":[{"embeddable":true,"href":"https:\/\/zonaroja.com.mx\/index.php?rest_route=%2Fwp%2Fv2%2Fcomments&post=18432"}],"version-history":[{"count":1,"href":"https:\/\/zonaroja.com.mx\/index.php?rest_route=\/wp\/v2\/posts\/18432\/revisions"}],"predecessor-version":[{"id":18433,"href":"https:\/\/zonaroja.com.mx\/index.php?rest_route=\/wp\/v2\/posts\/18432\/revisions\/18433"}],"wp:featuredmedia":[{"embeddable":true,"href":"https:\/\/zonaroja.com.mx\/index.php?rest_route=\/wp\/v2\/media\/18431"}],"wp:attachment":[{"href":"https:\/\/zonaroja.com.mx\/index.php?rest_route=%2Fwp%2Fv2%2Fmedia&parent=18432"}],"wp:term":[{"taxonomy":"category","embeddable":true,"href":"https:\/\/zonaroja.com.mx\/index.php?rest_route=%2Fwp%2Fv2%2Fcategories&post=18432"},{"taxonomy":"post_tag","embeddable":true,"href":"https:\/\/zonaroja.com.mx\/index.php?rest_route=%2Fwp%2Fv2%2Ftags&post=18432"}],"curies":[{"name":"wp","href":"https:\/\/api.w.org\/{rel}","templated":true}]}}