{"id":18435,"date":"2020-10-05T16:24:59","date_gmt":"2020-10-05T21:24:59","guid":{"rendered":"http:\/\/www.zonaroja.com.mx\/?p=18435"},"modified":"2020-10-05T16:25:02","modified_gmt":"2020-10-05T21:25:02","slug":"gobierno-ausente-movilizaciones-y-bloqueos-en-cinco-de-ocho-regiones-de-oaxaca","status":"publish","type":"post","link":"https:\/\/zonaroja.com.mx\/?p=18435","title":{"rendered":"Gobierno ausente: movilizaciones y bloqueos en cinco de ocho regiones de Oaxaca"},"content":{"rendered":"\n<p>Evlin Arag\u00f3n\/Zona Roja.<\/p>\n\n\n\n<p>Oaxaca de Ju\u00e1rez, Oax., 5 de octubre de 2020.- De nuevo, la semana inicio en Oaxaca con movilizaciones no s\u00f3lo en la capital, sino tambi\u00e9n al interior, particularmente en las regiones de la Cuenca, Sierra Sur, Istmo y Mixteca que registraron bloqueos viales, mismos que complicaron la circulaci\u00f3n en importantes tramos carreteros.&nbsp;<\/p>\n\n\n\n<p>En la Cuenca, fueron integrantes del Comit\u00e9 de Defensa Ciudadana Atenci\u00f3n Rural (Codeci-AR) quienes se manifestaron para exigir justicia para l\u00edder Catarino Torres Peredas, asesinado hace ya diez a\u00f1os.&nbsp;<\/p>\n\n\n\n<p>Ante la falta de atenci\u00f3n por parte de las autoridades, instalaron un bloqueo en la carretera federal 182, en inmediaciones del crucero de la colonia Jardines de Arroyo de Tuxtepec, en donde colocaron pancartas que evidencian la omisi\u00f3n e impunidad por parte de la Fiscal\u00eda General de Justicia del Estado, a cargo de Rub\u00e9n Vasconcelos M\u00e9ndez.<\/p>\n\n\n\n<p>Ello debido a que se cumple ya una d\u00e9cada del asesinato de su l\u00edder sin que existan avances en la investigaci\u00f3n, prev\u00e9n mayores movilizaciones en el transcurso del mes.\u00a0<\/p>\n\n\n\n<figure class=\"wp-block-embed-twitter wp-block-embed is-type-rich is-provider-twitter\"><div class=\"wp-block-embed__wrapper\">\n<div class=\"twitter-tweet\"><blockquote class=\"twitter-tweet\" data-lang=\"es\"><p lang=\"es\" dir=\"ltr\"><a href=\"https:\/\/twitter.com\/hashtag\/%C3%9AltimoMinuto?src=hash&amp;ref_src=twsrc%5Etfw\">#\u00daltimoMinuto<\/a> <br>El lunes ca\u00f3tico crece en Oaxaca y ahora organizaciones sociales bloquean la v\u00eda federal 175 crucero con el acceso al aeropuerto internacional \u201cBenito Ju\u00e1rez\u201d, al sur de la capital. <a href=\"https:\/\/t.co\/Ik913kkqvB\">pic.twitter.com\/Ik913kkqvB<\/a><\/p>&mdash; Zona Roja Oaxaca (@MexRoja) <a href=\"https:\/\/twitter.com\/MexRoja\/status\/1313150466570833922?ref_src=twsrc%5Etfw\">5 de octubre de 2020<\/a><\/blockquote><\/div>\n<\/div><\/figure>\n\n\n\n<p>De acuerdo con los reportes de servicios viales y de emergencias, los bloqueos carreteros tambi\u00e9n se registraron en la carretera a Miahuatl\u00e1n a la altura de San Sim\u00f3n Almolongas, en la regi\u00f3n Sierra Sur, y en Asunci\u00f3n Nochixtl\u00e1n sobre las dos principales rutas, tanto la supercarretera como la carretera federal 190, en la regi\u00f3n Mixteca.<\/p>\n\n\n\n<p>As\u00ed mismo en el kil\u00f3metro 53 de la carretera 190 Panamericana, tramo Niltepec-Zanatepec en el entronque a la poblaci\u00f3n del Guamil; y en el Canal 33 de Juchit\u00e1n, en la regi\u00f3n del Istmo, por diversas organizaciones que piden la atenci\u00f3n de las autoridades.&nbsp;<\/p>\n\n\n\n<p>Mientras que, en la zona conurbada, con machete y palos en mano, integrantes de la Asamblea de Pueblos bloquearon las inmediaciones del crucero del aeropuerto \u201cBenito Ju\u00e1rez\u201d, sobre la carretera federal 175 a la Costa, provocando un caos vehicular en la zona y obligando a la poblaci\u00f3n a caminar o trasbordar.&nbsp;<\/p>\n\n\n\n<p>Los manifestantes retuvieron una pipa de Pemex, dos tr\u00e1ileres, tres autobuses de transporte p\u00fablico, as\u00ed como un cami\u00f3n de basura que utilizaron para impedir el paso en las vialidades y con ello pedir la atenci\u00f3n por parte de las autoridades estatales.<\/p>\n\n\n\n<figure class=\"wp-block-embed-twitter wp-block-embed is-type-rich is-provider-twitter\"><div class=\"wp-block-embed__wrapper\">\n<div class=\"twitter-tweet\"><blockquote class=\"twitter-tweet\" data-lang=\"es\"><p lang=\"es\" dir=\"ltr\"><a href=\"https:\/\/twitter.com\/hashtag\/%C3%9AltimoMinuto?src=hash&amp;ref_src=twsrc%5Etfw\">#\u00daltimoMinuto<\/a> <br>Ante ausencia de autoridad por parte del <a href=\"https:\/\/twitter.com\/GobOax?ref_src=twsrc%5Etfw\">@goboax<\/a>, a trav\u00e9s de la <a href=\"https:\/\/twitter.com\/SEGEGO_GobOax?ref_src=twsrc%5Etfw\">@SEGEGO_GobOax<\/a>, los bloqueos carreteros se extienden a las regiones Mixteca, Cuenca, Istmo, Costa, Sierra Sur, adem\u00e1s de Valles Centrales. <a href=\"https:\/\/t.co\/McChD3uTRe\">pic.twitter.com\/McChD3uTRe<\/a><\/p>&mdash; Zona Roja Oaxaca (@MexRoja) <a href=\"https:\/\/twitter.com\/MexRoja\/status\/1313155410002612225?ref_src=twsrc%5Etfw\">5 de octubre de 2020<\/a><\/blockquote><\/div>\n<\/div><\/figure>\n\n\n\n<p>En la regi\u00f3n de la Costa tambi\u00e9n se realizan bloqueos sobre la v\u00eda federal 200 en las cercan\u00edas de Pochutla, al igual que en la supercarretera al Istmo, a la altura de la caseta de peaje de la Villa de Mitla.<\/p>\n\n\n\n<p>Participan integrantes de la Asamblea de Pueblos en Defensa de la Educaci\u00f3n, el Comit\u00e9 de Derechos del Pueblo (Codep), el Comit\u00e9 de Defensa de Derechos Ind\u00edgenas (Codedi), por mencionar algunos, que no han emitido su postura y tampoco hay respuesta del gobierno a esta crisis.<\/p>\n\n\n\n<p>Por su parte, mujeres adheridas al Frente Popular \u201c14 de Junio\u201d marcharon del paseo Ju\u00e1rez \u201cEl Llano\u201d al z\u00f3calo de la ciudad, donde mantienen un plant\u00f3n indefinido, para exigir cese a la pol\u00edtica de terror y pronunciarse a favor de la paz en la entidad.&nbsp; Portando im\u00e1genes religiosas pidieron respeto a la lucha social y sus representantes, as\u00ed como la liberaci\u00f3n de su l\u00edder Francisco Javier Mart\u00ednez, acusado de homicidio.<\/p>\n","protected":false},"excerpt":{"rendered":"<p>Evlin Arag\u00f3n\/Zona Roja. Oaxaca de Ju\u00e1rez, Oax., 5 de octubre de 2020.- De nuevo, la&hellip;<\/p>\n","protected":false},"author":2,"featured_media":18436,"comment_status":"closed","ping_status":"open","sticky":false,"template":"","format":"standard","meta":{"_lmt_disableupdate":"","_lmt_disable":"","_jetpack_memberships_contains_paid_content":false,"footnotes":""},"categories":[109,47],"tags":[],"class_list":["post-18435","post","type-post","status-publish","format-standard","has-post-thumbnail","hentry","category-minuto-a-minuto","category-zona-gris"],"jetpack_featured_media_url":"https:\/\/zonaroja.com.mx\/wp-content\/uploads\/2020\/10\/Bloqueos-Oaxaca.jpg","jetpack_sharing_enabled":true,"_links":{"self":[{"href":"https:\/\/zonaroja.com.mx\/index.php?rest_route=\/wp\/v2\/posts\/18435","targetHints":{"allow":["GET"]}}],"collection":[{"href":"https:\/\/zonaroja.com.mx\/index.php?rest_route=\/wp\/v2\/posts"}],"about":[{"href":"https:\/\/zonaroja.com.mx\/index.php?rest_route=\/wp\/v2\/types\/post"}],"author":[{"embeddable":true,"href":"https:\/\/zonaroja.com.mx\/index.php?rest_route=\/wp\/v2\/users\/2"}],"replies":[{"embeddable":true,"href":"https:\/\/zonaroja.com.mx\/index.php?rest_route=%2Fwp%2Fv2%2Fcomments&post=18435"}],"version-history":[{"count":1,"href":"https:\/\/zonaroja.com.mx\/index.php?rest_route=\/wp\/v2\/posts\/18435\/revisions"}],"predecessor-version":[{"id":18437,"href":"https:\/\/zonaroja.com.mx\/index.php?rest_route=\/wp\/v2\/posts\/18435\/revisions\/18437"}],"wp:featuredmedia":[{"embeddable":true,"href":"https:\/\/zonaroja.com.mx\/index.php?rest_route=\/wp\/v2\/media\/18436"}],"wp:attachment":[{"href":"https:\/\/zonaroja.com.mx\/index.php?rest_route=%2Fwp%2Fv2%2Fmedia&parent=18435"}],"wp:term":[{"taxonomy":"category","embeddable":true,"href":"https:\/\/zonaroja.com.mx\/index.php?rest_route=%2Fwp%2Fv2%2Fcategories&post=18435"},{"taxonomy":"post_tag","embeddable":true,"href":"https:\/\/zonaroja.com.mx\/index.php?rest_route=%2Fwp%2Fv2%2Ftags&post=18435"}],"curies":[{"name":"wp","href":"https:\/\/api.w.org\/{rel}","templated":true}]}}