{"id":18438,"date":"2020-10-05T16:48:10","date_gmt":"2020-10-05T21:48:10","guid":{"rendered":"http:\/\/www.zonaroja.com.mx\/?p=18438"},"modified":"2020-10-05T16:48:13","modified_gmt":"2020-10-05T21:48:13","slug":"entrega-seccion-59-de-snte-equipos-y-dispositivos-electronicos-a-estudiantes","status":"publish","type":"post","link":"https:\/\/zonaroja.com.mx\/?p=18438","title":{"rendered":"Entrega Secci\u00f3n 59 de SNTE equipos y dispositivos electr\u00f3nicos a estudiantes"},"content":{"rendered":"\n<p>Redacci\u00f3n\/Zona Roja.<\/p>\n\n\n\n<p>Oaxaca de Ju\u00e1rez, Oax., 5 de octubre de 2020.- En el marco del D\u00eda Mundial del Docente, la Secci\u00f3n 59 del Sindicato Nacional de Trabajadores de la Educaci\u00f3n (SNTE), entreg\u00f3 hoy aparatos electr\u00f3nicos a estudiantes de escasos recursos, a fin de que puedan continuar con su educaci\u00f3n a distancia.<\/p>\n\n\n\n<p>Los equipos electr\u00f3nicos como televisores, radios, computadoras, tabletas electr\u00f3nicas y tel\u00e9fonos celulares, fueron donados por la sociedad civil desde el pasado 12 de septiembre, en respuesta a la convocatoria lanzada por el SNTE a nivel nacional.<\/p>\n\n\n\n<p>De los tres centros de acopio instalados, fueron entregados 30 aparatos electr\u00f3nicos en la Mixteca, 23 en la Cuenca y ocho paquetes de un televisor con su decodificador y cuatro tabletas en Valles Centrales.<\/p>\n\n\n\n<p>As\u00ed lo dio a conocer el delegado especial de esta gremial, Ricardo Mosqueda Lagunes, en una acto al que asistieron padres de familia y docentes de los alumnos beneficiados.<\/p>\n\n\n\n<p>A la entrega tambi\u00e9n se sum\u00f3 el Comit\u00e9 Ejecutivo Seccional y la diputada local Victoria Cruz Villar, quienes junto a Mosqueda Lagunes realizaron la donaci\u00f3n de tabletas electr\u00f3nicas.<\/p>\n\n\n\n<p>Combatir el abandono escolar y mantener a los estudiantes ejerciendo su derecho a la educaci\u00f3n, es el principal objetivo de esta gremial desde su fundaci\u00f3n en 2006, afirm\u00f3 Mosqueda Lagunes.<\/p>\n\n\n\n<p>Asimismo, dijo que continuar\u00e1n trabajando con autoridades y padres de familia, en las comunidades donde a falta de recursos, se emplearon desde el 24 de agosto, en el inicio del ciclo escolar, cuadernillos de trabajo y entregas de tareas, con las medidas sanitarias pertinentes.<\/p>\n\n\n\n<p><\/p>\n","protected":false},"excerpt":{"rendered":"<p>Redacci\u00f3n\/Zona Roja. Oaxaca de Ju\u00e1rez, Oax., 5 de octubre de 2020.- En el marco del&hellip;<\/p>\n","protected":false},"author":2,"featured_media":18439,"comment_status":"closed","ping_status":"open","sticky":false,"template":"","format":"standard","meta":{"_lmt_disableupdate":"","_lmt_disable":"","_jetpack_memberships_contains_paid_content":false,"footnotes":""},"categories":[109,46],"tags":[1169],"class_list":["post-18438","post","type-post","status-publish","format-standard","has-post-thumbnail","hentry","category-minuto-a-minuto","category-zona-blanca","tag-seccion-59-del-snte"],"jetpack_featured_media_url":"https:\/\/zonaroja.com.mx\/wp-content\/uploads\/2020\/10\/MG_9692.jpg","jetpack_sharing_enabled":true,"_links":{"self":[{"href":"https:\/\/zonaroja.com.mx\/index.php?rest_route=\/wp\/v2\/posts\/18438","targetHints":{"allow":["GET"]}}],"collection":[{"href":"https:\/\/zonaroja.com.mx\/index.php?rest_route=\/wp\/v2\/posts"}],"about":[{"href":"https:\/\/zonaroja.com.mx\/index.php?rest_route=\/wp\/v2\/types\/post"}],"author":[{"embeddable":true,"href":"https:\/\/zonaroja.com.mx\/index.php?rest_route=\/wp\/v2\/users\/2"}],"replies":[{"embeddable":true,"href":"https:\/\/zonaroja.com.mx\/index.php?rest_route=%2Fwp%2Fv2%2Fcomments&post=18438"}],"version-history":[{"count":1,"href":"https:\/\/zonaroja.com.mx\/index.php?rest_route=\/wp\/v2\/posts\/18438\/revisions"}],"predecessor-version":[{"id":18440,"href":"https:\/\/zonaroja.com.mx\/index.php?rest_route=\/wp\/v2\/posts\/18438\/revisions\/18440"}],"wp:featuredmedia":[{"embeddable":true,"href":"https:\/\/zonaroja.com.mx\/index.php?rest_route=\/wp\/v2\/media\/18439"}],"wp:attachment":[{"href":"https:\/\/zonaroja.com.mx\/index.php?rest_route=%2Fwp%2Fv2%2Fmedia&parent=18438"}],"wp:term":[{"taxonomy":"category","embeddable":true,"href":"https:\/\/zonaroja.com.mx\/index.php?rest_route=%2Fwp%2Fv2%2Fcategories&post=18438"},{"taxonomy":"post_tag","embeddable":true,"href":"https:\/\/zonaroja.com.mx\/index.php?rest_route=%2Fwp%2Fv2%2Ftags&post=18438"}],"curies":[{"name":"wp","href":"https:\/\/api.w.org\/{rel}","templated":true}]}}