{"id":1844,"date":"2019-06-26T07:14:13","date_gmt":"2019-06-26T12:14:13","guid":{"rendered":"http:\/\/www.zonaroja.com.mx\/?p=1844"},"modified":"2019-06-26T07:14:15","modified_gmt":"2019-06-26T12:14:15","slug":"ex-delegado-de-la-policia-federal-nuevo-titular-de-la-aei","status":"publish","type":"post","link":"https:\/\/zonaroja.com.mx\/?p=1844","title":{"rendered":"Ex delegado de la Polic\u00eda Federal, nuevo titular de la AEI"},"content":{"rendered":"\n<p>Redacci\u00f3n<\/p>\n\n\n\n<p>Oaxaca de\nJu\u00e1rez, Oax., 26 de junio de 2019.- El ex delegado de la Polic\u00eda Federal en\nOaxaca, Jos\u00e9 Alfredo \u00c1lvarez G\u00f3mez, fue designado anoche como nuevo Coordinador\nGeneral de la Agencia Estatal de Investigaciones (AEI), de la Fiscal\u00eda General\ndel Estado.<\/p>\n\n\n\n<p>Sustituye a\nJos\u00e9 Antonio Yglesias Arreola, quien asumir\u00e1 otro cargo en el Gobierno del\nEstado.<\/p>\n\n\n\n<p>Ambos\nmanten\u00edan diferencias de trabajo y de acuerdo con fuentes de la AEI, el fiscal\nRub\u00e9n Vasconcelos M\u00e9ndez pr\u00e1cticamente hab\u00eda asumido el mando de la\ncorporaci\u00f3n, limitando las acciones al ahora ex funcionario.<\/p>\n\n\n\n<p>En un comunicado, la Fiscal\u00eda General precis\u00f3 que este nombramiento \u201ctiene como finalidad seguir fortaleciendo las tareas de investigaci\u00f3n y procuraci\u00f3n de justicia en favor de las personas v\u00edctimas de delitos y con ello constituirse como una Instituci\u00f3n m\u00e1s confiable, m\u00e1s s\u00f3lida y con mayores resultados en favor de los oaxaque\u00f1os\u201d.<\/p>\n\n\n\n<figure class=\"wp-block-embed-twitter wp-block-embed is-type-rich is-provider-twitter\"><div class=\"wp-block-embed__wrapper\">\n<div class=\"twitter-tweet\"><blockquote class=\"twitter-tweet\" data-lang=\"es\"><p lang=\"es\" dir=\"ltr\">El Fiscal General, <a href=\"https:\/\/twitter.com\/RVasconcelosM?ref_src=twsrc%5Etfw\">@RVasconcelosM<\/a> tom\u00f3 protesta al Maestro, Jos\u00e9 Alfredo \u00c1lvarez G\u00f3mez, como Coordinador General de la Agencia Estatal de Investigaciones.<a href=\"https:\/\/twitter.com\/hashtag\/Oaxaca?src=hash&amp;ref_src=twsrc%5Etfw\">#Oaxaca<\/a><a href=\"https:\/\/twitter.com\/GobOax?ref_src=twsrc%5Etfw\">@GobOax<\/a> <a href=\"https:\/\/twitter.com\/alejandromurat?ref_src=twsrc%5Etfw\">@alejandromurat<\/a> <a href=\"https:\/\/twitter.com\/FISCALIA_GobOax?ref_src=twsrc%5Etfw\">@FISCALIA_GobOax<\/a> <a href=\"https:\/\/twitter.com\/AEI_Oaxaca?ref_src=twsrc%5Etfw\">@AEI_Oaxaca<\/a><a href=\"https:\/\/twitter.com\/hashtag\/ProcuramosJusticiaParaTi?src=hash&amp;ref_src=twsrc%5Etfw\">#ProcuramosJusticiaParaTi<\/a> <a href=\"https:\/\/t.co\/F5C82kp0be\">pic.twitter.com\/F5C82kp0be<\/a><\/p>&mdash; Fiscal\u00eda General (@FISCALIA_GobOax) <a href=\"https:\/\/twitter.com\/FISCALIA_GobOax\/status\/1143725143912525825?ref_src=twsrc%5Etfw\">26 de junio de 2019<\/a><\/blockquote><\/div>\n<\/div><\/figure>\n\n\n\n<p>Jos\u00e9 Alfredo\n\u00c1lvarez G\u00f3mez se desempe\u00f1aba como titular de la Coordinaci\u00f3n Estatal Oaxaca de\nla Polic\u00eda Federal.<\/p>\n\n\n\n<p>De las dos\nMaestr\u00edas con que cuenta el nuevo Coordinador General de la AEI, una de ellas\nse refiere al Sistema Penal Acusatorio y la segunda es en Derecho Constitucional\ny Amparo.<\/p>\n\n\n\n<p>Se ha\nespecializado en diversas materias, como Derechos Humanos y Derechos y\nObligaciones de los Polic\u00edas, Identificaci\u00f3n de Veh\u00edculos Robados, Contrainteligencia\nen la Seguridad Institucional, Derechos Humanos en Materia de Procuraci\u00f3n de\nJusticia, Atenci\u00f3n a V\u00edctimas del Delito, Derechos de la V\u00edctimas en el Nuevo\nSistema de Justicia Penal, Prevenci\u00f3n, atenci\u00f3n y sanci\u00f3n del acoso y\nhostigamiento sexual y Uso Leg\u00edtimo de la Fuerza en Operaciones Policiales,\nentre otros.<\/p>\n\n\n\n<p>El fiscal\nVasconcelos M\u00e9ndez tom\u00f3 protesta anoche y dio posesi\u00f3n al cargo al nuevo\nfuncionario, tras dos a\u00f1os y medio de Yglesias Arreola al frente de la AEI.<\/p>\n","protected":false},"excerpt":{"rendered":"<p>Redacci\u00f3n Oaxaca de Ju\u00e1rez, Oax., 26 de junio de 2019.- El ex delegado de la&hellip;<\/p>\n","protected":false},"author":2,"featured_media":1845,"comment_status":"closed","ping_status":"open","sticky":false,"template":"","format":"standard","meta":{"_lmt_disableupdate":"","_lmt_disable":"","_jetpack_memberships_contains_paid_content":false,"footnotes":""},"categories":[109,47],"tags":[59,235,58,170],"class_list":["post-1844","post","type-post","status-publish","format-standard","has-post-thumbnail","hentry","category-minuto-a-minuto","category-zona-gris","tag-fiscalia-general-del-estado","tag-jose-alfredo-alvarez-gomez","tag-oaxaca","tag-ruben-vasconcelos-mendez"],"jetpack_featured_media_url":"https:\/\/zonaroja.com.mx\/wp-content\/uploads\/2019\/06\/Nuevo-coordinador-de-la-AEI-Fiscal\u00eda-General-1.jpg","jetpack_sharing_enabled":true,"_links":{"self":[{"href":"https:\/\/zonaroja.com.mx\/index.php?rest_route=\/wp\/v2\/posts\/1844","targetHints":{"allow":["GET"]}}],"collection":[{"href":"https:\/\/zonaroja.com.mx\/index.php?rest_route=\/wp\/v2\/posts"}],"about":[{"href":"https:\/\/zonaroja.com.mx\/index.php?rest_route=\/wp\/v2\/types\/post"}],"author":[{"embeddable":true,"href":"https:\/\/zonaroja.com.mx\/index.php?rest_route=\/wp\/v2\/users\/2"}],"replies":[{"embeddable":true,"href":"https:\/\/zonaroja.com.mx\/index.php?rest_route=%2Fwp%2Fv2%2Fcomments&post=1844"}],"version-history":[{"count":1,"href":"https:\/\/zonaroja.com.mx\/index.php?rest_route=\/wp\/v2\/posts\/1844\/revisions"}],"predecessor-version":[{"id":1846,"href":"https:\/\/zonaroja.com.mx\/index.php?rest_route=\/wp\/v2\/posts\/1844\/revisions\/1846"}],"wp:featuredmedia":[{"embeddable":true,"href":"https:\/\/zonaroja.com.mx\/index.php?rest_route=\/wp\/v2\/media\/1845"}],"wp:attachment":[{"href":"https:\/\/zonaroja.com.mx\/index.php?rest_route=%2Fwp%2Fv2%2Fmedia&parent=1844"}],"wp:term":[{"taxonomy":"category","embeddable":true,"href":"https:\/\/zonaroja.com.mx\/index.php?rest_route=%2Fwp%2Fv2%2Fcategories&post=1844"},{"taxonomy":"post_tag","embeddable":true,"href":"https:\/\/zonaroja.com.mx\/index.php?rest_route=%2Fwp%2Fv2%2Ftags&post=1844"}],"curies":[{"name":"wp","href":"https:\/\/api.w.org\/{rel}","templated":true}]}}