{"id":18442,"date":"2020-10-05T17:50:30","date_gmt":"2020-10-05T22:50:30","guid":{"rendered":"https:\/\/www.zonaroja.com.mx\/?p=18442"},"modified":"2020-10-05T17:52:48","modified_gmt":"2020-10-05T22:52:48","slug":"tres-campesinos-muertos-y-2-heridos-al-reactivarse-conflicto-entre-yosonama-y-mixtepec","status":"publish","type":"post","link":"https:\/\/zonaroja.com.mx\/?p=18442","title":{"rendered":"Tres campesinos muertos y 2 heridos, al reactivarse conflicto entre Yoso\u00f1ama y Mixtepec"},"content":{"rendered":"\n<p>Redacci\u00f3n\/Estado 20. <\/p>\n\n\n\n<p>Oaxaca de Ju\u00e1rez, Oax., 5 de octubre de 2020.- Este lunes 5 de octubre, resurgi\u00f3 el conflicto agrario entre San Juan Mixtepec y Santo Domingo Yoso\u00f1ama, esta vez, el saldo fue de tres campesinos muertos y dos heridos de gravedad, todos de este \u00faltima comunidad.<\/p>\n\n\n\n<p>Lo anterior fue confirmado por Reynaldo Ventura Guzm\u00e1n, presidente del Comisariado de Bienes Comunales del n\u00facleo agrario de Santo Domingo Yoso\u00f1ama.<\/p>\n\n\n\n<p>De acuerdo con el comunicado, los hechos se perpetraron alrededor de las 07:30 de la ma\u00f1ana de este lunes, en el paraje conocido como \u201cEl Mirador\u201d de Yoso\u00f1ama, las v\u00edctimas fueron identificadas como Crescencio Sanju\u00e1n Gonz\u00e1lez, de 38 a\u00f1os;  Constantino Jos\u00e9 Gonz\u00e1lez, de 61 a\u00f1os, y Jorge Sanju\u00e1n Gonz\u00e1lez, de 30 a\u00f1os de edad, mientras que dos personas m\u00e1s resultaron heridos de gravedad, reportaron.<\/p>\n\n\n\n<p>De acuerdo con el comunicado, estos cinco comuneros se dirig\u00edan a sus labores del campo cuando fueron emboscados, presuntamente por habitantes de San Juan Mixtepec, con quien mantienen un conflicto agrario por la diputa de mil 740 hect\u00e1reas.<\/p>\n\n\n\n<p>Reynaldo Ventura Guzm\u00e1n declar\u00f3 que de estos hechos ya se hab\u00eda alertado al gobierno de Oaxaca y refiri\u00f3 que junto a los integrantes de su mesa directiva, el 1 de octubre a trav\u00e9s de un escrito se solicit\u00f3 al gobernador Alejandro Murat Hinojosa y al secretario General de Gobierno (Segego), se habilitara una base de operaciones mixtas de la polic\u00eda estatal o de la guardia nacional en la zona, \u201ctoda vez que comuneros vecinos hab\u00edan se\u00f1alado que personas extra\u00f1as a la regi\u00f3n, vinculadas con gentes de San Juan Mixtepec, preparaban emboscadas a los transportistas y pasajeros que circulan de Santo Domingo Yoso\u00f1ama a la Ciudad de Tlaxiaco y Huajuapan de Le\u00f3n.\u201d escribi\u00f3, Ventura Guzm\u00e1n.<\/p>\n\n\n\n<p>Y recrimin\u00f3 que aunque la solicitud fue \u201catendida\u201d mediante reuniones con el titular de la Segego, H\u00e9ctor Anuar Mafud Mafud, para brindar seguridad en la zona, \u201choy ya hay hechos consumados\u201d.<\/p>\n\n\n\n<p>Por lo anterior, exigen al gobierno estatal y a su Fiscal\u00eda General del Estado aclaren este triple asesinato y den con el paradero de los culpables que han dejado en desamparo a varias familias.<\/p>\n\n\n\n<p>\u201cEste hecho confirma la preocupaci\u00f3n de los comuneros y del Movimiento Antorchista, externada a las autoridades en el estado, acerca del clima de violencia que ha existido en la zona de conflicto, clima que ha estado marcado por constantes disparos desde las tierras de Mixtepec hacia Yoso\u00f1ama, acompa\u00f1ados de una campa\u00f1a medi\u00e1tica en la que se culpa a los agredidos de ser los que atacan, declaraciones que han sido tomadas como ver\u00eddicas por parte de la Vicefiscal\u00eda de la Mixteca\u201d, acus\u00f3 Dimas Romero Gonz\u00e1lez, dirigente estatal del Movimiento Antorchista a trav\u00e9s del desplegado.<\/p>\n\n\n\n<p>\u201cLa solicitud de intervenci\u00f3n directa del Gobernador del Estado se hizo a tiempo; sin embargo, no se pudo concretar y hoy de nueva cuenta, la desatenci\u00f3n del conflicto agrario entre Santo Domingo Yoso\u00f1ama y San Juan Mixtepec, que data de hace muchos a\u00f1os, vuelve a ocasionar la muerte de ind\u00edgenas mixtecos inocentes\u201d, sentenci\u00f3 el dirigente antorchista.<\/p>\n\n\n\n<p>Por todo lo anterior, la comunidad agraria de Santo Domingo Yoso\u00f1ama y el movimiento antorchista, exigen de manera en\u00e9rgica la intervenci\u00f3n del gobierno federal para que haga efectivo su \u201cdiscurso\u201d de combatir la inseguridad y con ello se garantice la vida de los habitantes de esta zona ubicada en la Mixteca de Oaxaca.<\/p>\n","protected":false},"excerpt":{"rendered":"<p>Redacci\u00f3n\/Estado 20. Oaxaca de Ju\u00e1rez, Oax., 5 de octubre de 2020.- Este lunes 5 de&hellip;<\/p>\n","protected":false},"author":2,"featured_media":18441,"comment_status":"closed","ping_status":"open","sticky":false,"template":"","format":"standard","meta":{"_lmt_disableupdate":"","_lmt_disable":"","_jetpack_memberships_contains_paid_content":false,"footnotes":""},"categories":[109,51],"tags":[2075],"class_list":["post-18442","post","type-post","status-publish","format-standard","has-post-thumbnail","hentry","category-minuto-a-minuto","category-zona-roja","tag-santo-domingo-yosonama"],"jetpack_featured_media_url":"https:\/\/zonaroja.com.mx\/wp-content\/uploads\/2020\/10\/img_9288.jpg","jetpack_sharing_enabled":true,"_links":{"self":[{"href":"https:\/\/zonaroja.com.mx\/index.php?rest_route=\/wp\/v2\/posts\/18442","targetHints":{"allow":["GET"]}}],"collection":[{"href":"https:\/\/zonaroja.com.mx\/index.php?rest_route=\/wp\/v2\/posts"}],"about":[{"href":"https:\/\/zonaroja.com.mx\/index.php?rest_route=\/wp\/v2\/types\/post"}],"author":[{"embeddable":true,"href":"https:\/\/zonaroja.com.mx\/index.php?rest_route=\/wp\/v2\/users\/2"}],"replies":[{"embeddable":true,"href":"https:\/\/zonaroja.com.mx\/index.php?rest_route=%2Fwp%2Fv2%2Fcomments&post=18442"}],"version-history":[{"count":1,"href":"https:\/\/zonaroja.com.mx\/index.php?rest_route=\/wp\/v2\/posts\/18442\/revisions"}],"predecessor-version":[{"id":18443,"href":"https:\/\/zonaroja.com.mx\/index.php?rest_route=\/wp\/v2\/posts\/18442\/revisions\/18443"}],"wp:featuredmedia":[{"embeddable":true,"href":"https:\/\/zonaroja.com.mx\/index.php?rest_route=\/wp\/v2\/media\/18441"}],"wp:attachment":[{"href":"https:\/\/zonaroja.com.mx\/index.php?rest_route=%2Fwp%2Fv2%2Fmedia&parent=18442"}],"wp:term":[{"taxonomy":"category","embeddable":true,"href":"https:\/\/zonaroja.com.mx\/index.php?rest_route=%2Fwp%2Fv2%2Fcategories&post=18442"},{"taxonomy":"post_tag","embeddable":true,"href":"https:\/\/zonaroja.com.mx\/index.php?rest_route=%2Fwp%2Fv2%2Ftags&post=18442"}],"curies":[{"name":"wp","href":"https:\/\/api.w.org\/{rel}","templated":true}]}}