{"id":18452,"date":"2020-10-05T21:33:45","date_gmt":"2020-10-06T02:33:45","guid":{"rendered":"http:\/\/www.zonaroja.com.mx\/?p=18452"},"modified":"2020-10-05T21:33:49","modified_gmt":"2020-10-06T02:33:49","slug":"nace-enesima-organizacion-social-fundada-por-rufino-merino-y-familiares","status":"publish","type":"post","link":"https:\/\/zonaroja.com.mx\/?p=18452","title":{"rendered":"Nace en\u00e9sima organizaci\u00f3n social, fundada por Rufino Merino y familiares"},"content":{"rendered":"\n<p>Yuridiana Sosa\/Zona Roja.<\/p>\n\n\n\n<p>Oaxaca de Ju\u00e1rez, Oax., 5 de octubre de 2020.- A tres meses de su retiro del MULT \u201cpor motivos de salud\u201d, Rufino Merino Zaragoza reapareci\u00f3 hoy para anunciar el surgimiento de la organizaci\u00f3n Uni\u00f3n Democr\u00e1tica de Pueblos y Comunidades Ind\u00edgenas (Undeci).<\/p>\n\n\n\n<p>Con una representaci\u00f3n de la organizaci\u00f3n, en su mayor\u00eda integrantes de su familia, el ex dirigente del Movimiento de Unificaci\u00f3n de Lucha Triqui (MULT) present\u00f3 su nuevo grupo con el que prometen, por en\u00e9sima ocasi\u00f3n, completar la transformaci\u00f3n y un cambio verdadero.<\/p>\n\n\n\n<p>Con una bandera con los mismos colores y simbolog\u00eda que la organizaci\u00f3n que dirigi\u00f3 por tres d\u00e9cadas, Merino Zaragoza se deslind\u00f3 de una intervenci\u00f3n en la zona triqui para evitar conflictos en ese territorio, por lo que aclar\u00f3 que las mujeres que asistieron con huipiles triquis a la conferencia de prensa son sus familiares.<\/p>\n\n\n\n<p>\u201cNos deslindamos de aquellas (organizaciones) que buscan fines partidistas\u201d, se\u00f1al\u00f3 la Undeci durante la lectura de sus objetivos, donde convocaron a otras organizaciones y poblaci\u00f3n en general a unirse a este nuevo grupo en busca de una supuesta lucha por el bien com\u00fan.<\/p>\n\n\n\n<figure class=\"wp-block-embed-twitter wp-block-embed is-type-rich is-provider-twitter\"><div class=\"wp-block-embed__wrapper\">\n<div class=\"twitter-tweet\"><blockquote class=\"twitter-tweet\" data-lang=\"es\"><p lang=\"es\" dir=\"ltr\">(2) El nuevo dirigente de la Uni\u00f3n Democr\u00e1tica de Pueblos y Comunidades Ind\u00edgenas (Undeci), Rufino Merino Zaragoza \u2014que hab\u00eda dicho que dej\u00f3 la dirigencia del MULT por cuestiones de salud\u2014, reconoci\u00f3 la organizaci\u00f3n est\u00e1 conformada por sus familiares, entre ellos sus hijos. <a href=\"https:\/\/t.co\/eCUgsQMccZ\">pic.twitter.com\/eCUgsQMccZ<\/a><\/p>&mdash; Zona Roja Oaxaca (@MexRoja) <a href=\"https:\/\/twitter.com\/MexRoja\/status\/1313201611905302529?ref_src=twsrc%5Etfw\">5 de octubre de 2020<\/a><\/blockquote><\/div>\n<\/div><\/figure>\n\n\n\n<p>\u201cTraemos bandera blanca para ir buscando paz\u201d, expres\u00f3 Rufino Merino, quien el pasado 16 de junio anunci\u00f3 que renunciaba al MULT por razones de salud y neg\u00f3 que se tratara de alguna ruptura pol\u00edtica en el Movimiento.<\/p>\n\n\n\n<p>En aquella ocasi\u00f3n tampoco descart\u00f3 las posibilidades de lanzarse como candidato a un puesto de elecci\u00f3n popular en las pr\u00f3ximas elecciones del 2021, siempre que su aspiraci\u00f3n sea impulsad por el pueblo, pues \u201ces muy conocido en Juxtlahuaca\u201d.<\/p>\n\n\n\n<p>La en\u00e9sima organizaci\u00f3n en Oaxaca se lanza con la integraci\u00f3n de entre 10 y 15 mil personas, con la participaci\u00f3n de otras organizaciones de Oaxaca, seg\u00fan dieron a conocer.<\/p>\n","protected":false},"excerpt":{"rendered":"<p>Yuridiana Sosa\/Zona Roja. Oaxaca de Ju\u00e1rez, Oax., 5 de octubre de 2020.- A tres meses&hellip;<\/p>\n","protected":false},"author":2,"featured_media":18453,"comment_status":"closed","ping_status":"open","sticky":false,"template":"","format":"standard","meta":{"_lmt_disableupdate":"","_lmt_disable":"","_jetpack_memberships_contains_paid_content":false,"footnotes":""},"categories":[109,47],"tags":[2077],"class_list":["post-18452","post","type-post","status-publish","format-standard","has-post-thumbnail","hentry","category-minuto-a-minuto","category-zona-gris","tag-union-democratica-de-pueblos-y-comunidades-indigenas-undeci"],"jetpack_featured_media_url":"https:\/\/zonaroja.com.mx\/wp-content\/uploads\/2020\/10\/organizacion-Undeci.jpg","jetpack_sharing_enabled":true,"_links":{"self":[{"href":"https:\/\/zonaroja.com.mx\/index.php?rest_route=\/wp\/v2\/posts\/18452","targetHints":{"allow":["GET"]}}],"collection":[{"href":"https:\/\/zonaroja.com.mx\/index.php?rest_route=\/wp\/v2\/posts"}],"about":[{"href":"https:\/\/zonaroja.com.mx\/index.php?rest_route=\/wp\/v2\/types\/post"}],"author":[{"embeddable":true,"href":"https:\/\/zonaroja.com.mx\/index.php?rest_route=\/wp\/v2\/users\/2"}],"replies":[{"embeddable":true,"href":"https:\/\/zonaroja.com.mx\/index.php?rest_route=%2Fwp%2Fv2%2Fcomments&post=18452"}],"version-history":[{"count":1,"href":"https:\/\/zonaroja.com.mx\/index.php?rest_route=\/wp\/v2\/posts\/18452\/revisions"}],"predecessor-version":[{"id":18454,"href":"https:\/\/zonaroja.com.mx\/index.php?rest_route=\/wp\/v2\/posts\/18452\/revisions\/18454"}],"wp:featuredmedia":[{"embeddable":true,"href":"https:\/\/zonaroja.com.mx\/index.php?rest_route=\/wp\/v2\/media\/18453"}],"wp:attachment":[{"href":"https:\/\/zonaroja.com.mx\/index.php?rest_route=%2Fwp%2Fv2%2Fmedia&parent=18452"}],"wp:term":[{"taxonomy":"category","embeddable":true,"href":"https:\/\/zonaroja.com.mx\/index.php?rest_route=%2Fwp%2Fv2%2Fcategories&post=18452"},{"taxonomy":"post_tag","embeddable":true,"href":"https:\/\/zonaroja.com.mx\/index.php?rest_route=%2Fwp%2Fv2%2Ftags&post=18452"}],"curies":[{"name":"wp","href":"https:\/\/api.w.org\/{rel}","templated":true}]}}