{"id":18457,"date":"2020-10-05T22:10:17","date_gmt":"2020-10-06T03:10:17","guid":{"rendered":"http:\/\/www.zonaroja.com.mx\/?p=18457"},"modified":"2020-10-05T22:10:21","modified_gmt":"2020-10-06T03:10:21","slug":"inicia-la-semana-con-13-contagios-nuevos-de-covid-19-y-cuatro-decesos","status":"publish","type":"post","link":"https:\/\/zonaroja.com.mx\/?p=18457","title":{"rendered":"Inicia la semana con 13 contagios nuevos de Covid-19 y cuatro decesos"},"content":{"rendered":"\n<p>Redacci\u00f3n\/Zona Roja.<\/p>\n\n\n\n<p>Oaxaca de Ju\u00e1rez, Oax., 5 de octubre de 2020.- La dependencia Servicios de Salud de Oaxaca (SSO) dio a conocer que al corte epidemiol\u00f3gico de este lunes 5 de octubre, se han registrado 13 casos nuevos de Covid-19, sumando 17 mil 513 contagios acumulados en la entidad.<\/p>\n\n\n\n<p>En un comunicado, destac\u00f3 que se han notificado 25 mil 861 casos, de los cuales siete mil 594 han sido negativos, hay 754 casos sospechosos en espera de resultados por laboratorio, 15 mil 455 se han recuperado, y lamentablemente se contabilizan cuatro defunciones este lunes, sumando mil 479 decesos de manera acumulada.<\/p>\n\n\n\n<p>Inform\u00f3 que la Jurisdicci\u00f3n Sanitaria n\u00famero uno Valles Centrales contabiliza 11 mil 691 casos confirmados y 720 defunciones, Tuxtepec mil 726 y 245 fallecimientos, Istmo mil 715 y 281 muertes, Mixteca mil 197 y 110 defunciones, Costa 775 y 78 decesos, Sierra 409 y 45 defunciones.<\/p>\n\n\n\n<p>Los 13 contagios nuevos se distribuyen en 11 municipios de la entidad, siendo los que mayor n\u00famero de casos presentan, el de Oaxaca de Ju\u00e1rez y San Juan Bautista Tuxtepec con dos casos; el resto un caso.<\/p>\n\n\n\n<p>Se\u00f1al\u00f3 que hay 579 casos activos, siendo la Jurisdicci\u00f3n Sanitaria n\u00famero uno Valles Centrales la que registra 385, Mixteca 101, Tuxtepec 31, Sierra 28, Costa 18 e Istmo 16.<\/p>\n\n\n\n<p>Dijo que en relaci\u00f3n a la ocupaci\u00f3n hospitalaria con atenci\u00f3n para pacientes Covid, hoy se registr\u00f3 un 35.3% global, de los cuales el 41.7% sin ventilador y 23.5% con ventilador.<\/p>\n","protected":false},"excerpt":{"rendered":"<p>Redacci\u00f3n\/Zona Roja. Oaxaca de Ju\u00e1rez, Oax., 5 de octubre de 2020.- La dependencia Servicios de&hellip;<\/p>\n","protected":false},"author":2,"featured_media":18458,"comment_status":"closed","ping_status":"open","sticky":false,"template":"","format":"standard","meta":{"_lmt_disableupdate":"","_lmt_disable":"","_jetpack_memberships_contains_paid_content":false,"footnotes":""},"categories":[109,47],"tags":[1512],"class_list":["post-18457","post","type-post","status-publish","format-standard","has-post-thumbnail","hentry","category-minuto-a-minuto","category-zona-gris","tag-coronavirus-oaxaca"],"jetpack_featured_media_url":"https:\/\/zonaroja.com.mx\/wp-content\/uploads\/2020\/10\/SSO-1.jpeg","jetpack_sharing_enabled":true,"_links":{"self":[{"href":"https:\/\/zonaroja.com.mx\/index.php?rest_route=\/wp\/v2\/posts\/18457","targetHints":{"allow":["GET"]}}],"collection":[{"href":"https:\/\/zonaroja.com.mx\/index.php?rest_route=\/wp\/v2\/posts"}],"about":[{"href":"https:\/\/zonaroja.com.mx\/index.php?rest_route=\/wp\/v2\/types\/post"}],"author":[{"embeddable":true,"href":"https:\/\/zonaroja.com.mx\/index.php?rest_route=\/wp\/v2\/users\/2"}],"replies":[{"embeddable":true,"href":"https:\/\/zonaroja.com.mx\/index.php?rest_route=%2Fwp%2Fv2%2Fcomments&post=18457"}],"version-history":[{"count":1,"href":"https:\/\/zonaroja.com.mx\/index.php?rest_route=\/wp\/v2\/posts\/18457\/revisions"}],"predecessor-version":[{"id":18459,"href":"https:\/\/zonaroja.com.mx\/index.php?rest_route=\/wp\/v2\/posts\/18457\/revisions\/18459"}],"wp:featuredmedia":[{"embeddable":true,"href":"https:\/\/zonaroja.com.mx\/index.php?rest_route=\/wp\/v2\/media\/18458"}],"wp:attachment":[{"href":"https:\/\/zonaroja.com.mx\/index.php?rest_route=%2Fwp%2Fv2%2Fmedia&parent=18457"}],"wp:term":[{"taxonomy":"category","embeddable":true,"href":"https:\/\/zonaroja.com.mx\/index.php?rest_route=%2Fwp%2Fv2%2Fcategories&post=18457"},{"taxonomy":"post_tag","embeddable":true,"href":"https:\/\/zonaroja.com.mx\/index.php?rest_route=%2Fwp%2Fv2%2Ftags&post=18457"}],"curies":[{"name":"wp","href":"https:\/\/api.w.org\/{rel}","templated":true}]}}