{"id":18462,"date":"2020-10-06T07:50:34","date_gmt":"2020-10-06T12:50:34","guid":{"rendered":"http:\/\/www.zonaroja.com.mx\/?p=18462"},"modified":"2020-10-06T07:50:37","modified_gmt":"2020-10-06T12:50:37","slug":"ajusta-ssa-cifras-y-se-disparan-casos-reportan-28115-positivos-y-2789-decesos","status":"publish","type":"post","link":"https:\/\/zonaroja.com.mx\/?p=18462","title":{"rendered":"Ajusta SSA cifras y se disparan casos: reportan 28,115 positivos y 2,789 decesos"},"content":{"rendered":"\n<p>Redacci\u00f3n\/Zona Roja Cdmx.<\/p>\n\n\n\n<p>Ciudad de M\u00e9xico, 6 de octubre de 2020.- La Secretar\u00eda de Salud del gobierno federal modific\u00f3 la forma de clasificar los casos de Covid-19, por la cual se incorpora a las personas con sospecha de tener la enfermedad y que, en los 14 d\u00edas previos al inicio de los s\u00edntomas estuvieron cerca de un enfermo confirmado con prueba de laboratorio, ayer se sumaron al registro nacional 28 mil 115 casos, para un acumulado de 789 mil 780.<\/p>\n\n\n\n<p>En la cifra global tambi\u00e9n est\u00e1n 578 casos de personas que presentaron los s\u00edntomas de la infecci\u00f3n y, por dictamen m\u00e9dico, se determin\u00f3 que son casos Covid-19.<\/p>\n\n\n\n<p>La semana pasada, el director de Epidemiolog\u00eda, Jos\u00e9 Luis Alom\u00eda, explic\u00f3 que cambiar\u00eda la forma de clasificar a los enfermos y ayer se concret\u00f3 en las estad\u00edsticas, una vez que los servicios de salud estatales empezaron a notificar los datos procedentes de m\u00e1s de 26 mil unidades m\u00e9dicas en el pa\u00eds.<\/p>\n\n\n\n<p>Una medida similar aplica para los fallecimientos, que ayer llegaron a 81 mil 877; es decir, 2 mil 789 m\u00e1s que el d\u00eda anterior.<\/p>\n\n\n\n<p>El n\u00famero tambi\u00e9n se integra con los sospechosos que no tuvieron prueba, pero en la investigaci\u00f3n sobre los antecedentes se pudo determinar que estuvieron en contacto con otro afectado que tuvo la confirmaci\u00f3n de laboratorio del virus.<\/p>\n\n\n\n<p>De igual forma se empezaron a sumar aquellos decesos que luego de la revisi\u00f3n del expediente cl\u00ednico o antecedentes de cada paciente, se dictaminan como Covid-19.<\/p>\n\n\n\n<p>Ayer en la conferencia vespertina en Palacio Nacional, Alom\u00eda explic\u00f3 que los casos que se agregaron a los registros corresponden a personas que estuvieron enfermas o murieron, en su mayor\u00eda, de julio a la fecha. Lo que no explic\u00f3 es la causa de que las cifras no coincidan.<\/p>\n\n\n\n<p>El reporte del domingo indic\u00f3 que hab\u00eda 761 mil 665 casos confirmados. Ayer una de las gr\u00e1ficas que present\u00f3, ubic\u00f3 la cifra de confirmados por laboratorio en 757 mil 85. Era un error, pues el numero correcto es 765 mil 82, pudo confirmar \u201cLa Jornada\u201d.<\/p>\n\n\n\n<p>Ah\u00ed mismo se coloc\u00f3 a los 24 mil 120 casos que por asociaci\u00f3n epidemiol\u00f3gica se clasifican como Covid-19 (son las personas que estuvieron cerca de alguien con la enfermedad), as\u00ed como 578 casos por dictamen m\u00e9dico.<\/p>\n\n\n\n<p>Por su parte, el subsecretario de Prevenci\u00f3n y Promoci\u00f3n de la Salud, Hugo L\u00f3pez-Gatell, se\u00f1al\u00f3 que la vigilancia epidemiol\u00f3gica es un proceso din\u00e1mico que se alimenta con los datos de los resultados de las pruebas de laboratorio, as\u00ed como por la informaci\u00f3n que se recaba en los consultorios e incluso fuera de los hospitales.<\/p>\n\n\n\n<p>Se\u00f1al\u00f3 que en la pandemia de Covid-19 se procura contar con la informaci\u00f3n lo m\u00e1s cercano a la realidad que sea posible. De ah\u00ed la importancia de tomar en cuenta a las personas que enfermaron pero no tuvieron una prue-ba diagn\u00f3stica.<\/p>\n\n\n\n<p>Sobre las dictaminaciones, el funcionario coment\u00f3 que son realizadas por los comit\u00e9s locales de vigilancia epidemiol\u00f3gica en los estados. En estos casos se analizan los expedientes cl\u00ednicos para emitir el dictamen. Es un proceso que toma tiempo y conforme concluye se incorpora la informaci\u00f3n a la plataforma nacional de vigilancia epidemiol\u00f3gica.<\/p>\n\n\n\n<p>Resalt\u00f3 que ayer se incorpor\u00f3 un paquete de datos y en lo sucesivo se sumar\u00e1n como vayan llegando de las entidades federativas.<\/p>\n\n\n\n<p>(Informaci\u00f3n de \u00abLa Jornada\u00bb)<\/p>\n","protected":false},"excerpt":{"rendered":"<p>Redacci\u00f3n\/Zona Roja Cdmx. Ciudad de M\u00e9xico, 6 de octubre de 2020.- La Secretar\u00eda de Salud&hellip;<\/p>\n","protected":false},"author":2,"featured_media":18463,"comment_status":"closed","ping_status":"open","sticky":false,"template":"","format":"standard","meta":{"_lmt_disableupdate":"","_lmt_disable":"","_jetpack_memberships_contains_paid_content":false,"footnotes":""},"categories":[109,47],"tags":[1328],"class_list":["post-18462","post","type-post","status-publish","format-standard","has-post-thumbnail","hentry","category-minuto-a-minuto","category-zona-gris","tag-coronavirus-mexico"],"jetpack_featured_media_url":"https:\/\/zonaroja.com.mx\/wp-content\/uploads\/2020\/10\/Coronavirus-Mexico.png","jetpack_sharing_enabled":true,"_links":{"self":[{"href":"https:\/\/zonaroja.com.mx\/index.php?rest_route=\/wp\/v2\/posts\/18462","targetHints":{"allow":["GET"]}}],"collection":[{"href":"https:\/\/zonaroja.com.mx\/index.php?rest_route=\/wp\/v2\/posts"}],"about":[{"href":"https:\/\/zonaroja.com.mx\/index.php?rest_route=\/wp\/v2\/types\/post"}],"author":[{"embeddable":true,"href":"https:\/\/zonaroja.com.mx\/index.php?rest_route=\/wp\/v2\/users\/2"}],"replies":[{"embeddable":true,"href":"https:\/\/zonaroja.com.mx\/index.php?rest_route=%2Fwp%2Fv2%2Fcomments&post=18462"}],"version-history":[{"count":1,"href":"https:\/\/zonaroja.com.mx\/index.php?rest_route=\/wp\/v2\/posts\/18462\/revisions"}],"predecessor-version":[{"id":18464,"href":"https:\/\/zonaroja.com.mx\/index.php?rest_route=\/wp\/v2\/posts\/18462\/revisions\/18464"}],"wp:featuredmedia":[{"embeddable":true,"href":"https:\/\/zonaroja.com.mx\/index.php?rest_route=\/wp\/v2\/media\/18463"}],"wp:attachment":[{"href":"https:\/\/zonaroja.com.mx\/index.php?rest_route=%2Fwp%2Fv2%2Fmedia&parent=18462"}],"wp:term":[{"taxonomy":"category","embeddable":true,"href":"https:\/\/zonaroja.com.mx\/index.php?rest_route=%2Fwp%2Fv2%2Fcategories&post=18462"},{"taxonomy":"post_tag","embeddable":true,"href":"https:\/\/zonaroja.com.mx\/index.php?rest_route=%2Fwp%2Fv2%2Ftags&post=18462"}],"curies":[{"name":"wp","href":"https:\/\/api.w.org\/{rel}","templated":true}]}}