{"id":18470,"date":"2020-10-06T09:34:21","date_gmt":"2020-10-06T14:34:21","guid":{"rendered":"http:\/\/www.zonaroja.com.mx\/?p=18470"},"modified":"2020-10-06T09:34:24","modified_gmt":"2020-10-06T14:34:24","slug":"tras-fallo-de-tribunal-electoral-edil-de-santa-lucia-toma-protesta-a-regidora","status":"publish","type":"post","link":"https:\/\/zonaroja.com.mx\/?p=18470","title":{"rendered":"Tras fallo de Tribunal Electoral, edil de Santa Luc\u00eda toma protesta a regidora"},"content":{"rendered":"\n<p>Evlin Arag\u00f3n\/Zona Roja.<\/p>\n\n\n\n<p>Oaxaca de Ju\u00e1rez, Oax., 6 de octubre de 2020.- A pocos d\u00edas de cumplirse un mes de la sentencia del Tribunal Electoral del Estado de Oaxaca (TEEO) que revocara la designaci\u00f3n de Marcela Ch\u00e1vez Gonz\u00e1lez, como regidora de Reglamentos y Ordenanzas Municipales en el municipio de Santa Luc\u00eda del Camino, este lunes el edil Dante Monta\u00f1o Montero tom\u00f3 protesta a Yuliana Carolina P\u00e9rez Cort\u00e9s en el cargo.\u00a0<\/p>\n\n\n\n<p>El presidente municipal surgido del Partido Morena se vio obligado a cumplir la ley y tomar protesta a la hoy regidora quien, previamente, promovi\u00f3 un juicio en defensa de sus derechos pol\u00edtico electorales, que consider\u00f3 vulnerados y en lo que el tribunal le dio la raz\u00f3n.\u00a0<\/p>\n\n\n\n<p>Fue el pasado 11 de septiembre que por acuerdo de la magistrada presidenta, Elizabeth Bautista Velasco, as\u00ed como los magistrados Miguel \u00c1ngel Carballido D\u00edaz y Raymundo Wilfrido L\u00f3pez V\u00e1squez, fue revocada la designaci\u00f3n ilegal que hiciera un mes antes el edil de Santa Luc\u00eda del Camino y declarara fundados los agravios cometidos en contra de P\u00e9rez Cort\u00e9s.&nbsp;<\/p>\n\n\n\n<p>Lo anterior caus\u00f3 la inconformidad de Marcela Ch\u00e1vez Gonz\u00e1lez, quien asegur\u00f3 que el TEEO vulner\u00f3 de forma tendenciosa sus derechos pol\u00edticos electorales para ocupar el cargo de regidora, ya que fue parcial al momento de resolver la sentencia, al basarla en el principio de \u201cprelaci\u00f3n\u201d sin que \u00e9ste aplique para el caso de un concejal fallecido.&nbsp;<\/p>\n\n\n\n<p>\u201cLos magistrados est\u00e1n actuando de forma pol\u00edtica y a conveniencia por lo cual acudir\u00e9 a la Sala Xalapa del Tribunal Electoral Federal, en donde conf\u00edo sea resuelto el tema a mi favor\u201d, dijo en conferencia de prensa, a la par que anuncio defender\u00eda sus derechos.&nbsp;&nbsp;<\/p>\n\n\n\n<p>La regidur\u00eda de Reglamentos y Ordenanzas Municipales entr\u00f3 en disputa luego del fallecimiento de Antonio Pacheco Ram\u00edrez, quien se desempe\u00f1aba en el cargo.<\/p>\n\n\n\n<p>Pese a que Yuliana Carolina P\u00e9rez Cort\u00e9s solicit\u00f3 al IEEPCO su constancia de participaci\u00f3n en la planilla, el edil decidi\u00f3 tomarle protesta a Marcela Ch\u00e1vez Gonz\u00e1lez, registrada como suplente de la demandante.&nbsp;&nbsp;<\/p>\n\n\n\n<p>No obstante que cinco regidores se inconformaron con la designaci\u00f3n ilegal, el edil se\u00f1alo que se trataba de un problema de interpretaci\u00f3n y asegur\u00f3 que el proceso era v\u00e1lido, por lo que la agraviada recurri\u00f3 al Tribunal Electoral del Estado de Oaxaca, que resolvi\u00f3 a su favor.&nbsp;<\/p>\n\n\n\n<p>Por lo anterior, al edil no le qued\u00f3 m\u00e1s que tomar protesta como regidora a Yuliana Carolina P\u00e9rez Cort\u00e9s regidora de Reglamentos y Ordenanzas Municipales, pese a que no hab\u00eda sido su primera opci\u00f3n, situaci\u00f3n que lo llev\u00f3 a realizar una acci\u00f3n ilegal que fue revocada por el Tribunal.\u00a0<\/p>\n","protected":false},"excerpt":{"rendered":"<p>Evlin Arag\u00f3n\/Zona Roja. Oaxaca de Ju\u00e1rez, Oax., 6 de octubre de 2020.- A pocos d\u00edas&hellip;<\/p>\n","protected":false},"author":2,"featured_media":18471,"comment_status":"closed","ping_status":"open","sticky":false,"template":"","format":"standard","meta":{"_lmt_disableupdate":"","_lmt_disable":"","_jetpack_memberships_contains_paid_content":false,"footnotes":""},"categories":[109,47],"tags":[337,2078],"class_list":["post-18470","post","type-post","status-publish","format-standard","has-post-thumbnail","hentry","category-minuto-a-minuto","category-zona-gris","tag-santa-lucia-del-camino","tag-yuliana-carolina-perez-cortes"],"jetpack_featured_media_url":"https:\/\/zonaroja.com.mx\/wp-content\/uploads\/2020\/10\/Regidora-Santa-Lucia-del-Camino.jpg","jetpack_sharing_enabled":true,"_links":{"self":[{"href":"https:\/\/zonaroja.com.mx\/index.php?rest_route=\/wp\/v2\/posts\/18470","targetHints":{"allow":["GET"]}}],"collection":[{"href":"https:\/\/zonaroja.com.mx\/index.php?rest_route=\/wp\/v2\/posts"}],"about":[{"href":"https:\/\/zonaroja.com.mx\/index.php?rest_route=\/wp\/v2\/types\/post"}],"author":[{"embeddable":true,"href":"https:\/\/zonaroja.com.mx\/index.php?rest_route=\/wp\/v2\/users\/2"}],"replies":[{"embeddable":true,"href":"https:\/\/zonaroja.com.mx\/index.php?rest_route=%2Fwp%2Fv2%2Fcomments&post=18470"}],"version-history":[{"count":1,"href":"https:\/\/zonaroja.com.mx\/index.php?rest_route=\/wp\/v2\/posts\/18470\/revisions"}],"predecessor-version":[{"id":18472,"href":"https:\/\/zonaroja.com.mx\/index.php?rest_route=\/wp\/v2\/posts\/18470\/revisions\/18472"}],"wp:featuredmedia":[{"embeddable":true,"href":"https:\/\/zonaroja.com.mx\/index.php?rest_route=\/wp\/v2\/media\/18471"}],"wp:attachment":[{"href":"https:\/\/zonaroja.com.mx\/index.php?rest_route=%2Fwp%2Fv2%2Fmedia&parent=18470"}],"wp:term":[{"taxonomy":"category","embeddable":true,"href":"https:\/\/zonaroja.com.mx\/index.php?rest_route=%2Fwp%2Fv2%2Fcategories&post=18470"},{"taxonomy":"post_tag","embeddable":true,"href":"https:\/\/zonaroja.com.mx\/index.php?rest_route=%2Fwp%2Fv2%2Ftags&post=18470"}],"curies":[{"name":"wp","href":"https:\/\/api.w.org\/{rel}","templated":true}]}}