{"id":18473,"date":"2020-10-06T14:55:06","date_gmt":"2020-10-06T19:55:06","guid":{"rendered":"http:\/\/www.zonaroja.com.mx\/?p=18473"},"modified":"2020-10-06T15:04:30","modified_gmt":"2020-10-06T20:04:30","slug":"piden-salida-del-comisionado-de-san-antonio-de-la-cal-por-no-responder-al-pueblo","status":"publish","type":"post","link":"https:\/\/zonaroja.com.mx\/?p=18473","title":{"rendered":"Piden salida del comisionado de San Antonio de la Cal por no responder al pueblo"},"content":{"rendered":"\n<p>Evlin Arag\u00f3n\/Zona Roja.<\/p>\n\n\n\n<p>Oaxaca de Ju\u00e1rez, Oax., 6 de octubre de 2020.- Habitantes del municipio de San Antonio de la Cal, Oaxaca, solicitaron la salida del comisionado Alfonso Escobar Mateo y la conformaci\u00f3n de un Consejo de Administraci\u00f3n en la localidad, misma que aseguran vive desde hace meses un periodo de ingobernalidad.&nbsp;<\/p>\n\n\n\n<p>En conferencia de prensa en la capital, indicaron que desde el nombramiento ilegal de Escobar Mateo por parte de la Secretar\u00eda General de Gobierno, las cosas no han ido bien en la comunidad, donde el clima pol\u00edtico ha impedido que se otorguen los servicios de salud, seguridad, agua potable, basura y vialidad.\u00a0<\/p>\n\n\n\n<p>Explicaron que previo a la designaci\u00f3n de un comisionado, la Sala Xalapa del Tribunal Federal Electoral resolvi\u00f3 la conformaci\u00f3n de un Consejo Municipal que estar\u00e1 a cargo hasta que se lleve a cabo la elecci\u00f3n extraordinaria en la localidad, acci\u00f3n que han hecho de conocimiento del Congreso local y el titular del Poder Ejecutivo.&nbsp;<\/p>\n\n\n\n<p>La sentencia no se cumpli\u00f3, por el contrario, Alfonso Escobar Mateo fue nombrado comisionado, sin tomar en cuenta que obedece a los intereses de Horacio Sosa, refiri\u00f3 uno de los representantes del grupo inconforme, Pedro Hern\u00e1ndez Bautista.\u00a0<\/p>\n\n\n\n<p>As\u00ed mismo, indicaron que por ley, el comisionado solo podr\u00e1 permanecer en el cargo por dos 60 d\u00edas, no tendr\u00e1 acceso a los recursos de los ramos 28 y 33 y ser\u00e1 responsable de conformar un Consejo Municipal, lo cual no ha realizado y por el contrario ha mostrado intereses partidistas no de funcionario p\u00fablico; incluso, ha recibido en dos meses nueve millones de pesos, del cual no ha rendido cuentas.&nbsp;<\/p>\n\n\n\n<p>Tambi\u00e9n lo se\u00f1alaron de prepotente y autoritario al no demostrar respeto a los usos y costumbres y la asamblea de la comunidad, olvidando que su puesto es provisional y debe atender las funciones b\u00e1sicas del municipio en beneficio de la poblaci\u00f3n en general y no de unos cuantos.<\/p>\n\n\n\n<figure class=\"wp-block-embed-twitter wp-block-embed is-type-rich is-provider-twitter\"><div class=\"wp-block-embed__wrapper\">\n<div class=\"twitter-tweet\"><blockquote class=\"twitter-tweet\" data-lang=\"es\"><p lang=\"es\" dir=\"ltr\"><a href=\"https:\/\/twitter.com\/hashtag\/ENVIVO?src=hash&amp;ref_src=twsrc%5Etfw\">#ENVIVO<\/a><br>Oaxaca de Ju\u00e1rez, Oax., 6 de octubre de 2020.- Conferencia de prensa pobladores de San Antonio de la Cal, que exigen el retiro del comisionado municipal. <br><br>Aqu\u00ed la transmisi\u00f3n: <br>\ud83d\udc47<a href=\"https:\/\/t.co\/iyLjTf40oI\">https:\/\/t.co\/iyLjTf40oI<\/a> <a href=\"https:\/\/t.co\/8zBitoryRV\">pic.twitter.com\/8zBitoryRV<\/a><\/p>&mdash; Zona Roja Oaxaca (@MexRoja) <a href=\"https:\/\/twitter.com\/MexRoja\/status\/1313500799150899201?ref_src=twsrc%5Etfw\">6 de octubre de 2020<\/a><\/blockquote><\/div>\n<\/div><\/figure>\n\n\n\n<p>Por lo anterior, se han unido integrantes de las seis secciones del municipio para manifestar su desacuerdo por la imposici\u00f3n, de nueva cuenta, del comisionado que en los dos meses anteriores no ha podido generar los consensos necesarios y por el contrario ha contribuido en la ingobernabilidad.&nbsp;<\/p>\n\n\n\n<p>As\u00ed mismo, a trav\u00e9s de un documento solicitaron audiencia con el gobernador de Oaxaca, Alejandro Murat Hinojosa, para dar a conocer la problem\u00e1tica y buscar alternativas que permitan una sana convivencia en la localidad, sin la intervenci\u00f3n de fuerzas pol\u00edticas externas, que nada tienen que hacer en el quehacer interno del municipio.&nbsp;<\/p>\n\n\n\n<p>\u201cQueremos ser muy claros, el error se dio en la Secretar\u00eda General de Gobierno porque hubo un desacato a una resoluci\u00f3n de Sala Xalapa, situaci\u00f3n que ocasion\u00f3 una serie de problem\u00e1ticas en la comunidad, que se han ahondado con personajes externos\u201d, sentenciaron.\u00a0<\/p>\n\n\n\n<p>El documento lo firman Domingo Pablo Garc\u00eda, Pedro Hern\u00e1ndez Bautista, Dinazar Mendoza Valle, Nuria Montserrat Santiago, Ofelio V\u00e1squez Rayo, Teodoro Reyes, entre otros.<\/p>\n","protected":false},"excerpt":{"rendered":"<p>Evlin Arag\u00f3n\/Zona Roja. Oaxaca de Ju\u00e1rez, Oax., 6 de octubre de 2020.- Habitantes del municipio&hellip;<\/p>\n","protected":false},"author":2,"featured_media":18474,"comment_status":"closed","ping_status":"open","sticky":false,"template":"","format":"standard","meta":{"_lmt_disableupdate":"","_lmt_disable":"","_jetpack_memberships_contains_paid_content":false,"footnotes":""},"categories":[109,47],"tags":[875],"class_list":["post-18473","post","type-post","status-publish","format-standard","has-post-thumbnail","hentry","category-minuto-a-minuto","category-zona-gris","tag-san-antonio-de-la-cal"],"jetpack_featured_media_url":"https:\/\/zonaroja.com.mx\/wp-content\/uploads\/2020\/10\/Conferencia-san-antonio-de-la-cal.jpg","jetpack_sharing_enabled":true,"_links":{"self":[{"href":"https:\/\/zonaroja.com.mx\/index.php?rest_route=\/wp\/v2\/posts\/18473","targetHints":{"allow":["GET"]}}],"collection":[{"href":"https:\/\/zonaroja.com.mx\/index.php?rest_route=\/wp\/v2\/posts"}],"about":[{"href":"https:\/\/zonaroja.com.mx\/index.php?rest_route=\/wp\/v2\/types\/post"}],"author":[{"embeddable":true,"href":"https:\/\/zonaroja.com.mx\/index.php?rest_route=\/wp\/v2\/users\/2"}],"replies":[{"embeddable":true,"href":"https:\/\/zonaroja.com.mx\/index.php?rest_route=%2Fwp%2Fv2%2Fcomments&post=18473"}],"version-history":[{"count":2,"href":"https:\/\/zonaroja.com.mx\/index.php?rest_route=\/wp\/v2\/posts\/18473\/revisions"}],"predecessor-version":[{"id":18476,"href":"https:\/\/zonaroja.com.mx\/index.php?rest_route=\/wp\/v2\/posts\/18473\/revisions\/18476"}],"wp:featuredmedia":[{"embeddable":true,"href":"https:\/\/zonaroja.com.mx\/index.php?rest_route=\/wp\/v2\/media\/18474"}],"wp:attachment":[{"href":"https:\/\/zonaroja.com.mx\/index.php?rest_route=%2Fwp%2Fv2%2Fmedia&parent=18473"}],"wp:term":[{"taxonomy":"category","embeddable":true,"href":"https:\/\/zonaroja.com.mx\/index.php?rest_route=%2Fwp%2Fv2%2Fcategories&post=18473"},{"taxonomy":"post_tag","embeddable":true,"href":"https:\/\/zonaroja.com.mx\/index.php?rest_route=%2Fwp%2Fv2%2Ftags&post=18473"}],"curies":[{"name":"wp","href":"https:\/\/api.w.org\/{rel}","templated":true}]}}