{"id":18477,"date":"2020-10-06T15:40:31","date_gmt":"2020-10-06T20:40:31","guid":{"rendered":"http:\/\/www.zonaroja.com.mx\/?p=18477"},"modified":"2020-10-06T15:40:35","modified_gmt":"2020-10-06T20:40:35","slug":"respalda-flavio-sosa-proyecto-de-citlalli-hernandez-aspirante-a-dirigir-morena","status":"publish","type":"post","link":"https:\/\/zonaroja.com.mx\/?p=18477","title":{"rendered":"Respalda Flavio Sosa proyecto de Citlalli Hern\u00e1ndez, aspirante a dirigir Morena"},"content":{"rendered":"\n<p>Evlin Arag\u00f3n\/Zona Roja.<\/p>\n\n\n\n<p>Oaxaca de Ju\u00e1rez, Oax., 6 de octubre de 2020.- El l\u00edder social oaxaque\u00f1o y militante de Morena, Flavio Sosa Villavicencio, manifest\u00f3 su respaldo al proyecto pol\u00edtico de la senadora Citlalli Hern\u00e1ndez, quien aspira a la Secretar\u00eda General del partido y se encuentra como una de las finalistas en la contienda.&nbsp;<\/p>\n\n\n\n<p>Tras quedarse a la mitad de la contienda, Sosa Villavicencio indic\u00f3 que se trata de la mejor propuesta, ya que busca realizar el trabajo desde abajo, a ras de piso, con los comit\u00e9s ya establecidos y con la gente que ha construido los movimientos sociales a lo largo y ancho del pa\u00eds, que adem\u00e1s respalda al partido.<\/p>\n\n\n\n<p>Como lo hizo previamente, el dirigente de la organizaci\u00f3n social Comuna insisti\u00f3 en la necesidad de reorganizar el \u00f3rgano pol\u00edtico ante la crisis por la que atraviesa, toda vez que asegur\u00f3 que es necesario que retome su sentido de movimiento transformador en la sociedad y no s\u00f3lo sea utilizado como escalera electoral.<\/p>\n\n\n\n<p>Por ello, confi\u00f3 en que el compromiso de Citlalli Hern\u00e1ndez con la base de la militancia sea decisivo en el nuevo rumbo del partido y se adhiri\u00f3 a su proyecto al frente de la Secretaria General, que es disputada por 12 morenistas en la encuesta que realiza el Instituto Nacional Electoral.\u00a0<\/p>\n\n\n\n<figure class=\"wp-block-embed-twitter wp-block-embed is-type-rich is-provider-twitter\"><div class=\"wp-block-embed__wrapper\">\n<div class=\"twitter-tweet\"><blockquote class=\"twitter-tweet\" data-lang=\"es\"><p lang=\"es\" dir=\"ltr\">Desde Morelia anuncio que muestro mi respaldo al proyecto de consolidaci\u00f3n de la izquierda que propone la compa\u00f1era <a href=\"https:\/\/twitter.com\/CitlaHM?ref_src=twsrc%5Etfw\">@CitlaHM<\/a> como aspirante a la Secretar\u00eda General de MORENA.<br><br>Las coincidencias son muchas<br><br>\u00a1HA LLEGADO LA HORA DEL MORENA DE <a href=\"https:\/\/twitter.com\/hashtag\/IzquierdaConCausas?src=hash&amp;ref_src=twsrc%5Etfw\">#IzquierdaConCausas<\/a> QUE M\u00c9XICO NECESITA! <a href=\"https:\/\/t.co\/hfPMl82BhK\">pic.twitter.com\/hfPMl82BhK<\/a><\/p>&mdash; Flavio Sosa Villa.. (@flaviososavilla) <a href=\"https:\/\/twitter.com\/flaviososavilla\/status\/1313275379369611264?ref_src=twsrc%5Etfw\">6 de octubre de 2020<\/a><\/blockquote><\/div>\n<\/div><\/figure>\n\n\n\n<p>Por su parte, la senadora con licencia manifest\u00f3 que es necesario un proceso de reconciliaci\u00f3n al interior del partido, no para repartir cargos, sino para impulsar su reorganizaci\u00f3n d\u00e1ndole un papel fundamental a los comit\u00e9s ya establecidos, que permiten adem\u00e1s el trabajo de campo y cercano a la gente.&nbsp;<\/p>\n\n\n\n<p>\u201cEs importante iniciar un proceso de reconciliaci\u00f3n que no excluya y que pueda convocar a todas las voces internas de Morena, no para repartir cargos, sino para impulsar la reorganizaci\u00f3n a trav\u00e9s de los comit\u00e9s de base para que el partido recupere su capacidad territorial e informativa\u201d, explic\u00f3 recientemente en su visita a Michoac\u00e1n, donde estuvo acompa\u00f1ada de Sosa Villavicencio.&nbsp;<\/p>\n\n\n\n<p>As\u00ed mismo, sostuvo que el proyecto que impulsa, a trav\u00e9s de su candidatura, responde a la falta de una figura capaz de convocar y dar rumbo al partido pol\u00edtico m\u00e1s importante de M\u00e9xico.<\/p>\n\n\n\n<p>Tanto ella como Flavio Sosa, personajes importantes dentro del partido, coincidieron que los une la visi\u00f3n humanitaria y de izquierda que se ver\u00e1 reflejada para enfrentar los conflictos internos a trav\u00e9s de un proyecto de consolidaci\u00f3n de la izquierda en M\u00e9xico.&nbsp;<\/p>\n","protected":false},"excerpt":{"rendered":"<p>Evlin Arag\u00f3n\/Zona Roja. Oaxaca de Ju\u00e1rez, Oax., 6 de octubre de 2020.- El l\u00edder social&hellip;<\/p>\n","protected":false},"author":2,"featured_media":18478,"comment_status":"closed","ping_status":"open","sticky":false,"template":"","format":"standard","meta":{"_lmt_disableupdate":"","_lmt_disable":"","_jetpack_memberships_contains_paid_content":false,"footnotes":""},"categories":[109,46],"tags":[685],"class_list":["post-18477","post","type-post","status-publish","format-standard","has-post-thumbnail","hentry","category-minuto-a-minuto","category-zona-blanca","tag-flavio-sosa-villavicencio"],"jetpack_featured_media_url":"https:\/\/zonaroja.com.mx\/wp-content\/uploads\/2020\/10\/Citlalli-Hernandez-y-Flavio-Sosa.png","jetpack_sharing_enabled":true,"_links":{"self":[{"href":"https:\/\/zonaroja.com.mx\/index.php?rest_route=\/wp\/v2\/posts\/18477","targetHints":{"allow":["GET"]}}],"collection":[{"href":"https:\/\/zonaroja.com.mx\/index.php?rest_route=\/wp\/v2\/posts"}],"about":[{"href":"https:\/\/zonaroja.com.mx\/index.php?rest_route=\/wp\/v2\/types\/post"}],"author":[{"embeddable":true,"href":"https:\/\/zonaroja.com.mx\/index.php?rest_route=\/wp\/v2\/users\/2"}],"replies":[{"embeddable":true,"href":"https:\/\/zonaroja.com.mx\/index.php?rest_route=%2Fwp%2Fv2%2Fcomments&post=18477"}],"version-history":[{"count":1,"href":"https:\/\/zonaroja.com.mx\/index.php?rest_route=\/wp\/v2\/posts\/18477\/revisions"}],"predecessor-version":[{"id":18479,"href":"https:\/\/zonaroja.com.mx\/index.php?rest_route=\/wp\/v2\/posts\/18477\/revisions\/18479"}],"wp:featuredmedia":[{"embeddable":true,"href":"https:\/\/zonaroja.com.mx\/index.php?rest_route=\/wp\/v2\/media\/18478"}],"wp:attachment":[{"href":"https:\/\/zonaroja.com.mx\/index.php?rest_route=%2Fwp%2Fv2%2Fmedia&parent=18477"}],"wp:term":[{"taxonomy":"category","embeddable":true,"href":"https:\/\/zonaroja.com.mx\/index.php?rest_route=%2Fwp%2Fv2%2Fcategories&post=18477"},{"taxonomy":"post_tag","embeddable":true,"href":"https:\/\/zonaroja.com.mx\/index.php?rest_route=%2Fwp%2Fv2%2Ftags&post=18477"}],"curies":[{"name":"wp","href":"https:\/\/api.w.org\/{rel}","templated":true}]}}