{"id":18480,"date":"2020-10-06T16:11:33","date_gmt":"2020-10-06T21:11:33","guid":{"rendered":"http:\/\/www.zonaroja.com.mx\/?p=18480"},"modified":"2020-10-06T16:12:48","modified_gmt":"2020-10-06T21:12:48","slug":"ante-ineficacia-de-fgeo-periodistas-y-consultoria-juridica-signan-convenio-de-proteccion","status":"publish","type":"post","link":"https:\/\/zonaroja.com.mx\/?p=18480","title":{"rendered":"Ante ineficacia de FGEO, periodistas y consultor\u00eda jur\u00eddica signan convenio de protecci\u00f3n"},"content":{"rendered":"\n<p>Yuridiana Sosa\/Zona Roja.<\/p>\n\n\n\n<p>Oaxaca de Ju\u00e1rez, Oax., 6 de octubre de 2020.- Periodistas de Oaxaca y la Consultor\u00eda Jur\u00eddica M. y A. firmaron hoy un convenio de colaboraci\u00f3n para ofrecer asesor\u00eda legal al gremio, ante la comisi\u00f3n de agresiones de las que son v\u00edctimas en el ejercicio de su labor.<\/p>\n\n\n\n<p>El acuerdo forma parte de una v\u00eda alterna que los reporteros encontraron en busca de justicia, ante la impunidad en decenas de casos denunciados ante la Unidad Especializada de Atenci\u00f3n de Delitos contra Periodistas, adscrita a la Fiscal\u00eda Especializada para la Atenci\u00f3n a Delitos de Alto Impacto de la Fiscal\u00eda General del Estado de Oaxaca.<\/p>\n\n\n\n<figure class=\"wp-block-embed-twitter wp-block-embed is-type-rich is-provider-twitter\"><div class=\"wp-block-embed__wrapper\">\n<div class=\"twitter-tweet\"><blockquote class=\"twitter-tweet\" data-lang=\"es\"><p lang=\"es\" dir=\"ltr\"><a href=\"https:\/\/twitter.com\/hashtag\/ENVIVO?src=hash&amp;ref_src=twsrc%5Etfw\">#ENVIVO<\/a><br>Oaxaca d\u00e9 Ju\u00e1rez, Oax., 6 de octubre de 2020.- Firma de convenio para la protecci\u00f3n de periodistas con la Consultor\u00eda Jur\u00eddica M&amp;A, que preside el abogado Ra\u00fal \u00c1ngeles Villalobos. <br>\ud83d\udc47<br>Aqu\u00ed la transmisi\u00f3n<a href=\"https:\/\/t.co\/EJIrAk8UuM\">https:\/\/t.co\/EJIrAk8UuM<\/a> <a href=\"https:\/\/t.co\/sejwxlVYhg\">pic.twitter.com\/sejwxlVYhg<\/a><\/p>&mdash; Zona Roja Oaxaca (@MexRoja) <a href=\"https:\/\/twitter.com\/MexRoja\/status\/1313520278308233217?ref_src=twsrc%5Etfw\">6 de octubre de 2020<\/a><\/blockquote><\/div>\n<\/div><\/figure>\n\n\n\n<p>La Asociaci\u00f3n de Periodistas de Oaxaca A.C. (APO), Asociaci\u00f3n de Periodistas de la Informaci\u00f3n Policiaca (API), as\u00ed como representantes del sector independiente del gremio, pactaron la colaboraci\u00f3n con la Consultor\u00eda Jur\u00eddica M. y A., que preside el abogado Ra\u00fal \u00c1ngeles Villalobos.<\/p>\n\n\n\n<p>Antonio Guti\u00e9rrez Sumano, de la APO, se\u00f1al\u00f3 que infortunadamente la Fiscal\u00eda de Oaxaca no cumpli\u00f3 con la aplicaci\u00f3n de justicia para los reporteros a pesar de la creaci\u00f3n de una Unidad Especializada, donde han encontrado las puertas cerradas para la atenci\u00f3n del gremio ante los distintos hechos.<\/p>\n\n\n\n<p>As\u00ed tambi\u00e9n, ha quedado a deber en materia de aplicaci\u00f3n de garant\u00edas la Defensor\u00eda de los Derechos Humanos del Pueblo de Oaxaca (DDHPO), donde tambi\u00e9n radican una serie de casos por agresiones y amenazas.<\/p>\n\n\n\n<figure class=\"wp-block-embed-twitter wp-block-embed is-type-rich is-provider-twitter\"><div class=\"wp-block-embed__wrapper\">\n<div class=\"twitter-tweet\"><blockquote class=\"twitter-tweet\" data-lang=\"es\"><p lang=\"es\" dir=\"ltr\">En la firma de convenio para protecci\u00f3n a periodistas con el despacho de <a href=\"https:\/\/twitter.com\/RaulAngelesV?ref_src=twsrc%5Etfw\">@RaulAngelesV<\/a>, participaron diversos comunicadores como <a href=\"https:\/\/twitter.com\/Gsumano2?ref_src=twsrc%5Etfw\">@Gsumano2<\/a>, <a href=\"https:\/\/twitter.com\/Tomas7J?ref_src=twsrc%5Etfw\">@Tomas7J<\/a>, <a href=\"https:\/\/twitter.com\/CidCitlalli?ref_src=twsrc%5Etfw\">@CidCitlalli<\/a>, <a href=\"https:\/\/twitter.com\/pastormatias02?ref_src=twsrc%5Etfw\">@pastormatias02<\/a>, <a href=\"https:\/\/twitter.com\/abundionunez?ref_src=twsrc%5Etfw\">@abundionunez<\/a>, <a href=\"https:\/\/twitter.com\/Jorgepervel?ref_src=twsrc%5Etfw\">@Jorgepervel<\/a> adem\u00e1s acudi\u00f3 como invitada la presidenta del <a href=\"https:\/\/twitter.com\/IAIPOaxaca?ref_src=twsrc%5Etfw\">@IAIPOaxaca<\/a>. <a href=\"https:\/\/t.co\/yJ7WbhGffi\">pic.twitter.com\/yJ7WbhGffi<\/a><\/p>&mdash; Zona Roja Oaxaca (@MexRoja) <a href=\"https:\/\/twitter.com\/MexRoja\/status\/1313542304620109824?ref_src=twsrc%5Etfw\">6 de octubre de 2020<\/a><\/blockquote><\/div>\n<\/div><\/figure>\n\n\n\n<p>El periodista de informaci\u00f3n policiaca, Tom\u00e1s Mart\u00ednez, apost\u00f3 a favor que con esta alianza. los compa\u00f1eros del gremio logren tener mejores procesos jur\u00eddicos a los que en muchas ocasiones se enfrentan sin conocimiento pleno y se topan con una serie de irregularidades por las que no avanzan sus casos.<\/p>\n\n\n\n<p>En la firma de colaboraci\u00f3n tambi\u00e9n particip\u00f3 como testigo Mar\u00eda Antonieta Vel\u00e1squez Chagoya, integrante del Consejo General del Instituto de Acceso a la Informaci\u00f3n P\u00fablica y Protecci\u00f3n de Datos Personales del Estado de Oaxaca (IAIPO), quien reconoci\u00f3 la labor del gremio, el cual puede encontrar en este organismo un aliado.<\/p>\n\n\n\n<p>Signaron el documento, entre otros, los comunicadores Jorge P\u00e9rez, Citlalli Cid, Pastor Mat\u00edas Arrazola, Alexei Espinosa e Ismael Garc\u00eda.<\/p>\n","protected":false},"excerpt":{"rendered":"<p>Yuridiana Sosa\/Zona Roja. Oaxaca de Ju\u00e1rez, Oax., 6 de octubre de 2020.- Periodistas de Oaxaca&hellip;<\/p>\n","protected":false},"author":2,"featured_media":18481,"comment_status":"closed","ping_status":"open","sticky":false,"template":"","format":"standard","meta":{"_lmt_disableupdate":"","_lmt_disable":"","_jetpack_memberships_contains_paid_content":false,"footnotes":""},"categories":[109,46],"tags":[1041],"class_list":["post-18480","post","type-post","status-publish","format-standard","has-post-thumbnail","hentry","category-minuto-a-minuto","category-zona-blanca","tag-asociacion-de-periodistas-de-oaxaca-apo"],"jetpack_featured_media_url":"https:\/\/zonaroja.com.mx\/wp-content\/uploads\/2020\/10\/Convenio-Consultoria-Juridica.jpg","jetpack_sharing_enabled":true,"_links":{"self":[{"href":"https:\/\/zonaroja.com.mx\/index.php?rest_route=\/wp\/v2\/posts\/18480","targetHints":{"allow":["GET"]}}],"collection":[{"href":"https:\/\/zonaroja.com.mx\/index.php?rest_route=\/wp\/v2\/posts"}],"about":[{"href":"https:\/\/zonaroja.com.mx\/index.php?rest_route=\/wp\/v2\/types\/post"}],"author":[{"embeddable":true,"href":"https:\/\/zonaroja.com.mx\/index.php?rest_route=\/wp\/v2\/users\/2"}],"replies":[{"embeddable":true,"href":"https:\/\/zonaroja.com.mx\/index.php?rest_route=%2Fwp%2Fv2%2Fcomments&post=18480"}],"version-history":[{"count":2,"href":"https:\/\/zonaroja.com.mx\/index.php?rest_route=\/wp\/v2\/posts\/18480\/revisions"}],"predecessor-version":[{"id":18483,"href":"https:\/\/zonaroja.com.mx\/index.php?rest_route=\/wp\/v2\/posts\/18480\/revisions\/18483"}],"wp:featuredmedia":[{"embeddable":true,"href":"https:\/\/zonaroja.com.mx\/index.php?rest_route=\/wp\/v2\/media\/18481"}],"wp:attachment":[{"href":"https:\/\/zonaroja.com.mx\/index.php?rest_route=%2Fwp%2Fv2%2Fmedia&parent=18480"}],"wp:term":[{"taxonomy":"category","embeddable":true,"href":"https:\/\/zonaroja.com.mx\/index.php?rest_route=%2Fwp%2Fv2%2Fcategories&post=18480"},{"taxonomy":"post_tag","embeddable":true,"href":"https:\/\/zonaroja.com.mx\/index.php?rest_route=%2Fwp%2Fv2%2Ftags&post=18480"}],"curies":[{"name":"wp","href":"https:\/\/api.w.org\/{rel}","templated":true}]}}