{"id":18484,"date":"2020-10-06T19:06:32","date_gmt":"2020-10-07T00:06:32","guid":{"rendered":"http:\/\/www.zonaroja.com.mx\/?p=18484"},"modified":"2020-10-06T19:06:46","modified_gmt":"2020-10-07T00:06:46","slug":"se-van-pero-se-quedan-ambulantes-se-mantienen-en-centro-de-la-ciudad","status":"publish","type":"post","link":"https:\/\/zonaroja.com.mx\/?p=18484","title":{"rendered":"Se van, pero se quedan; ambulantes se mantienen en centro de la ciudad"},"content":{"rendered":"\n<p>Evlin Arag\u00f3n\/Zona Roja.<\/p>\n\n\n\n<p>Oaxaca de Ju\u00e1rez, Oax., 6 de octubre de 2020.- Integrantes del Frente Popular \u201c14 de Junio\u201d anunciaron el retiro de sus juegos mec\u00e1nicos de la Alameda de Le\u00f3n, los cuales fueron instalados la semana pasada, bajo el argumento de falta de apoyo por parte de las autoridades y la imperiosa necesidad de reactivar su econom\u00eda.<\/p>\n\n\n\n<p>Sin embargo, el retiro fue parcial, lo que dio paso a la llegada de m\u00e1s puestos ambulantes, adem\u00e1s de los que permanecen en el z\u00f3calo de la ciudad de Oaxaca, que incluyen la venta de ropa, comida, discos piratas, entre otros productos.<\/p>\n\n\n\n<p>Sombrillas, lonas, estructuras desmontables de madera y metal, carpas, mesas, sillas y dem\u00e1s, son hoy parte del atractivo en la principal plaza del Centro Hist\u00f3rico considerado Patrimonio de la Humanidad por la Unesco, ante la omisi\u00f3n por parte de las autoridades municipales que nada han hecho por liberar la zona.&nbsp;<\/p>\n\n\n\n<p>Lo anterior pese a la contingencia sanitaria que est\u00e1 lejos de llegar a su fin, prueba de ello es que este lunes a nivel nacional se reportaron 28 mil casos confirmados de Covid-19 y dos mil 789 decesos de un d\u00eda para otro, ello debido a un ajuste en la metodolog\u00eda.<\/p>\n\n\n\n<figure class=\"wp-block-embed-twitter wp-block-embed is-type-rich is-provider-twitter\"><div class=\"wp-block-embed__wrapper\">\n<div class=\"twitter-tweet\"><blockquote class=\"twitter-tweet\" data-lang=\"es\"><p lang=\"es\" dir=\"ltr\"><a href=\"https:\/\/twitter.com\/hashtag\/OaxacaGris?src=hash&amp;ref_src=twsrc%5Etfw\">#OaxacaGris<\/a><br>Unos cuantos juegos mec\u00e1nicos e infantiles fueron retirados este martes de la Alameda de Le\u00f3n, en la capital oaxaque\u00f1a; el z\u00f3calo permanece ocupado totalmente por comerciantes ambulantes del Frente Popular \u201c14 de Junio\u201d desde hace tres semanas. <a href=\"https:\/\/t.co\/E4l3BxzmX8\">pic.twitter.com\/E4l3BxzmX8<\/a><\/p>&mdash; Zona Roja Oaxaca (@MexRoja) <a href=\"https:\/\/twitter.com\/MexRoja\/status\/1313621532485320705?ref_src=twsrc%5Etfw\">6 de octubre de 2020<\/a><\/blockquote><\/div>\n<\/div><\/figure>\n\n\n\n<p>Sin importar el riesgo de contagio, los puestos ambulantes expenden todo tipo de productos, la mayor\u00eda sin respetar la sana distancia y mucho menos contar con las medidas de sanitizaci\u00f3n, situaci\u00f3n que convierte al z\u00f3calo de la ciudad en un foco rojo.&nbsp;&nbsp;<\/p>\n\n\n\n<p>Y aunque esta tarde realizaron una limpieza en la plaza principal de la capital, lo anterior no garantiza que est\u00e9n libres de contraer el virus o la enfermedad a consecuencia del mismo, siendo que el municipio de Oaxaca de Ju\u00e1rez es el que registra el mayor n\u00famero de contagios.<\/p>\n\n\n\n<p>Sin dejar de nombrar la afectaci\u00f3n al comercio informal que de a poco busca levantarse de la crisis econ\u00f3mica, y la ausencia de apoyo por parte de las autoridades de los niveles de gobierno, tal y como lo ha referido la dirigente de la Alianza Empresarial y Comercial de Oaxaca (AECO), Esther Merino Badiola.<\/p>\n","protected":false},"excerpt":{"rendered":"<p>Evlin Arag\u00f3n\/Zona Roja. Oaxaca de Ju\u00e1rez, Oax., 6 de octubre de 2020.- Integrantes del Frente&hellip;<\/p>\n","protected":false},"author":2,"featured_media":18485,"comment_status":"closed","ping_status":"open","sticky":false,"template":"","format":"standard","meta":{"_lmt_disableupdate":"","_lmt_disable":"","_jetpack_memberships_contains_paid_content":false,"footnotes":""},"categories":[109,47],"tags":[2079],"class_list":["post-18484","post","type-post","status-publish","format-standard","has-post-thumbnail","hentry","category-minuto-a-minuto","category-zona-gris","tag-comercio-ambulante-ciudad-de-oaxaca"],"jetpack_featured_media_url":"https:\/\/zonaroja.com.mx\/wp-content\/uploads\/2020\/10\/Alameda-de-Leon-Oax.jpg","jetpack_sharing_enabled":true,"_links":{"self":[{"href":"https:\/\/zonaroja.com.mx\/index.php?rest_route=\/wp\/v2\/posts\/18484","targetHints":{"allow":["GET"]}}],"collection":[{"href":"https:\/\/zonaroja.com.mx\/index.php?rest_route=\/wp\/v2\/posts"}],"about":[{"href":"https:\/\/zonaroja.com.mx\/index.php?rest_route=\/wp\/v2\/types\/post"}],"author":[{"embeddable":true,"href":"https:\/\/zonaroja.com.mx\/index.php?rest_route=\/wp\/v2\/users\/2"}],"replies":[{"embeddable":true,"href":"https:\/\/zonaroja.com.mx\/index.php?rest_route=%2Fwp%2Fv2%2Fcomments&post=18484"}],"version-history":[{"count":1,"href":"https:\/\/zonaroja.com.mx\/index.php?rest_route=\/wp\/v2\/posts\/18484\/revisions"}],"predecessor-version":[{"id":18486,"href":"https:\/\/zonaroja.com.mx\/index.php?rest_route=\/wp\/v2\/posts\/18484\/revisions\/18486"}],"wp:featuredmedia":[{"embeddable":true,"href":"https:\/\/zonaroja.com.mx\/index.php?rest_route=\/wp\/v2\/media\/18485"}],"wp:attachment":[{"href":"https:\/\/zonaroja.com.mx\/index.php?rest_route=%2Fwp%2Fv2%2Fmedia&parent=18484"}],"wp:term":[{"taxonomy":"category","embeddable":true,"href":"https:\/\/zonaroja.com.mx\/index.php?rest_route=%2Fwp%2Fv2%2Fcategories&post=18484"},{"taxonomy":"post_tag","embeddable":true,"href":"https:\/\/zonaroja.com.mx\/index.php?rest_route=%2Fwp%2Fv2%2Ftags&post=18484"}],"curies":[{"name":"wp","href":"https:\/\/api.w.org\/{rel}","templated":true}]}}