{"id":18487,"date":"2020-10-06T19:56:50","date_gmt":"2020-10-07T00:56:50","guid":{"rendered":"http:\/\/www.zonaroja.com.mx\/?p=18487"},"modified":"2020-10-06T19:56:54","modified_gmt":"2020-10-07T00:56:54","slug":"inicia-congreso-del-estado-campana-de-logros-justicia-e-igualdad-para-oaxaca","status":"publish","type":"post","link":"https:\/\/zonaroja.com.mx\/?p=18487","title":{"rendered":"Inicia Congreso del Estado campa\u00f1a de logros \u201cJusticia e igualdad para Oaxaca\u201d"},"content":{"rendered":"\n<p>Redacci\u00f3n\/Zona Roja.<\/p>\n\n\n\n<p>Oaxaca de Ju\u00e1rez, Oax., 6 de octubre de 2020.- Bajo la premisa de que un Congreso democr\u00e1tico no solo debe representar la pluralidad y la diversidad, sino que debe ser transparente en sus funciones, responsable por sus acciones, y, debe ser un espacio p\u00fablico dispuesto al escrutinio y la participaci\u00f3n de la ciudadan\u00eda, la diputaci\u00f3n local, emprendi\u00f3 una campa\u00f1a de difusi\u00f3n denominada \u201cJusticia e igualdad para Oaxaca\u201d.<\/p>\n\n\n\n<p>El presidente de la Junta de Coordinaci\u00f3n Pol\u00edtica (Jucopo) de la 64 Legislatura, Horacio Sosa Villavicencio, indic\u00f3 que la idea central de esta campa\u00f1a es que los beneficiarios de los trabajos parlamentarios: las oaxaque\u00f1as y oaxaque\u00f1os, conozcan sus derechos y los avances logrados desde el Congreso.<\/p>\n\n\n\n<p>En la campa\u00f1a los congresistas plasman las nuevas leyes y modificaciones legislativas a trav\u00e9s de los ejes rectores de: salud, educaci\u00f3n, pueblos ind\u00edgenas, justicia, igualdad de g\u00e9nero, medio ambiente, desarrollo social, desarrollo en infraestructura y econom\u00eda.<\/p>\n\n\n\n<p>En materia de igualdad de g\u00e9nero, destacan: la aprobaci\u00f3n de la denominada \u201cLey Olimpia\u201d, con la que se sanciona la violencia digital hasta con ocho a\u00f1os de c\u00e1rcel, as\u00ed como de la tipificaci\u00f3n del delito de agresiones con \u00e1cido y el acoso sexual callejero, el cual se sanciona hasta con cuatro a\u00f1os de prisi\u00f3n, adem\u00e1s, la despenalizaci\u00f3n de la interrupci\u00f3n del embarazo antes de las doce semanas de gestaci\u00f3n.<\/p>\n\n\n\n<p>A fin de evitar la violencia pol\u00edtica, el Congreso de Oaxaca se convirti\u00f3 en la cuarta entidad en aprobar la minuta enviada por el Congreso de la Uni\u00f3n para reformar la Constituci\u00f3n federal en materia de paridad de g\u00e9nero y garantizar el acceso de mujeres a cargos de alto nivel, entre otras.<\/p>\n\n\n\n<p>En materia de salud, se difunden las acciones realizadas ante el gran desaf\u00edo social que ha representado el Covid-19 para Oaxaca. Destacan la donaci\u00f3n de un mes de salario de cada una de las y los diputados del Congreso y la aprobaci\u00f3n de la reforma de ley que obliga al Ejecutivo a entregar un bono al personal m\u00e9dico que hace frente a la actual pandemia.<\/p>\n\n\n\n<p>Otro de los logros en los que enfatiza en la campa\u00f1a \u201cJusticia e igualdad para Oaxaca\u201d, es el reconocimiento de la consulta como derecho colectivo de los pueblos ind\u00edgenas, con la aprobaci\u00f3n de la Ley de Consulta Previa, Libre e Informada de los Pueblos y Comunidades Ind\u00edgenas y Afromexicanas, para el estado de Oaxaca.<\/p>\n\n\n\n<p>Tambi\u00e9n la adici\u00f3n al Art\u00edculo 20 Bis a la Ley de Ni\u00f1as, Ni\u00f1os y Adolescentes, con la que se proh\u00edbe la venta, distribuci\u00f3n a menores de edad de comida chatarra y bebidas azucaradas.<\/p>\n\n\n\n<p>De igual forma, las acciones a favor del medio ambiente como: la reforma a Ley para la Gesti\u00f3n Integral de los Residuos S\u00f3lidos que proh\u00edbe en Oaxaca la venta, distribuci\u00f3n o uso de botellas desechables de tereftalato de polietileno (PET), as\u00ed como envases y embalajes desechables de poliestireno expandido (unicel), entre otras acciones a favor de la ciudadan\u00eda oaxaque\u00f1a.<\/p>\n\n\n\n<p>Cabe mencionar que al menos el 80 por ciento de las reformas y adecuaciones a la ley, han sido promovidas e impulsadas por el grupo parlamentario del Partido Morena, que con 26 diputadas y diputados, son mayor\u00eda en la 64 legislatura del Congreso local.<\/p>\n","protected":false},"excerpt":{"rendered":"<p>Redacci\u00f3n\/Zona Roja. Oaxaca de Ju\u00e1rez, Oax., 6 de octubre de 2020.- Bajo la premisa de&hellip;<\/p>\n","protected":false},"author":2,"featured_media":18488,"comment_status":"closed","ping_status":"open","sticky":false,"template":"","format":"standard","meta":{"_lmt_disableupdate":"","_lmt_disable":"","_jetpack_memberships_contains_paid_content":false,"footnotes":""},"categories":[109,46],"tags":[213],"class_list":["post-18487","post","type-post","status-publish","format-standard","has-post-thumbnail","hentry","category-minuto-a-minuto","category-zona-blanca","tag-64-legislatura-de-oaxaca"],"jetpack_featured_media_url":"https:\/\/zonaroja.com.mx\/wp-content\/uploads\/2020\/10\/Congreso-del-Estado-de-Oaxaca.jpg","jetpack_sharing_enabled":true,"_links":{"self":[{"href":"https:\/\/zonaroja.com.mx\/index.php?rest_route=\/wp\/v2\/posts\/18487","targetHints":{"allow":["GET"]}}],"collection":[{"href":"https:\/\/zonaroja.com.mx\/index.php?rest_route=\/wp\/v2\/posts"}],"about":[{"href":"https:\/\/zonaroja.com.mx\/index.php?rest_route=\/wp\/v2\/types\/post"}],"author":[{"embeddable":true,"href":"https:\/\/zonaroja.com.mx\/index.php?rest_route=\/wp\/v2\/users\/2"}],"replies":[{"embeddable":true,"href":"https:\/\/zonaroja.com.mx\/index.php?rest_route=%2Fwp%2Fv2%2Fcomments&post=18487"}],"version-history":[{"count":1,"href":"https:\/\/zonaroja.com.mx\/index.php?rest_route=\/wp\/v2\/posts\/18487\/revisions"}],"predecessor-version":[{"id":18489,"href":"https:\/\/zonaroja.com.mx\/index.php?rest_route=\/wp\/v2\/posts\/18487\/revisions\/18489"}],"wp:featuredmedia":[{"embeddable":true,"href":"https:\/\/zonaroja.com.mx\/index.php?rest_route=\/wp\/v2\/media\/18488"}],"wp:attachment":[{"href":"https:\/\/zonaroja.com.mx\/index.php?rest_route=%2Fwp%2Fv2%2Fmedia&parent=18487"}],"wp:term":[{"taxonomy":"category","embeddable":true,"href":"https:\/\/zonaroja.com.mx\/index.php?rest_route=%2Fwp%2Fv2%2Fcategories&post=18487"},{"taxonomy":"post_tag","embeddable":true,"href":"https:\/\/zonaroja.com.mx\/index.php?rest_route=%2Fwp%2Fv2%2Ftags&post=18487"}],"curies":[{"name":"wp","href":"https:\/\/api.w.org\/{rel}","templated":true}]}}