{"id":18494,"date":"2020-10-06T21:45:32","date_gmt":"2020-10-07T02:45:32","guid":{"rendered":"http:\/\/www.zonaroja.com.mx\/?p=18494"},"modified":"2020-10-06T21:45:37","modified_gmt":"2020-10-07T02:45:37","slug":"rufino-merino-formo-organizacion-con-familiares-y-contratistas-mult","status":"publish","type":"post","link":"https:\/\/zonaroja.com.mx\/?p=18494","title":{"rendered":"Rufino Merino form\u00f3 organizaci\u00f3n con familiares y contratistas: MULT"},"content":{"rendered":"\n<p>Yuridiana Sosa\/Zona Roja.<\/p>\n\n\n\n<p>Oaxaca de Ju\u00e1rez, Oax., 6 de octubre de 2020.- Tras la presentaci\u00f3n de la organizaci\u00f3n Uni\u00f3n Democr\u00e1tica de Pueblos y Comunidades Ind\u00edgenas (Undeci), que encabeza Rufino Merino Zaragoza, el Movimiento de Unificaci\u00f3n y Lucha Triqui (MULT) critic\u00f3 la creaci\u00f3n de este grupo, al que relacion\u00f3 con \u201cla mafia del poder\u201d.<\/p>\n\n\n\n<p>Respaldado por autoridades auxiliares y comunitarias de la zona triqui, el MULT emiti\u00f3 un comunicado para denunciar que la nueva organizaci\u00f3n no representa la verdadera voz del pueblo y hasta los responsabiliz\u00f3 de cualquier agravio contra la naci\u00f3n Triqui.<\/p>\n\n\n\n<p>La organizaci\u00f3n social que por 31 a\u00f1os fue dirigido por Rufino Merino, descalific\u00f3 la credibilidad de Undeci, la cual &#8211;dijo&#8211; est\u00e1 conformada por familiares de su ex l\u00edder y por contratistas de empresas \u201cfantasma\u201d que han sido expulsados de la zona.<\/p>\n\n\n\n<p>&nbsp;\u201cNo creemos que la ambici\u00f3n por el poder pol\u00edtico pueda m\u00e1s que la fraternidad entre organizaciones y que se pierda de vista el verdadero enemigo del pueblo representado por la mafia del poder\u201d, cit\u00f3 en su comunicado.<\/p>\n\n\n\n<p>As\u00ed tambi\u00e9n manifest\u00f3 su respaldo al proyecto de la Cuarta Transformaci\u00f3n del presidente Andr\u00e9s Manuel L\u00f3pez Obrador.<\/p>\n\n\n\n<p>\u201cEst\u00e1 bien que algunos sue\u00f1en y deseen gobernar a Oaxaca, que se organicen, luchen por el poder pol\u00edtico, pero no es correcto que enga\u00f1en a nuestro presidente; no es admisible que vendan candidaturas, que se al\u00eden con delincuentes, que impongan cuotas a sus representantes populares.<\/p>\n\n\n\n<p>\u201cQue trabajen con empresas \u2018fantasma\u2019 y facturas falsas, lo m\u00e1s grave es que se presten para dividir organizaciones sociales democr\u00e1ticas y que lo hagan con financiamiento, a trav\u00e9s de componendas con la mafia del poder\u201d, precis\u00f3 el MULT, al dar conocer que uno de los contratistas que financia Undeci es Eduardo Guerra, involucrado con factureras como \u201cRoxy\u201d, entre otras.<\/p>\n","protected":false},"excerpt":{"rendered":"<p>Yuridiana Sosa\/Zona Roja. Oaxaca de Ju\u00e1rez, Oax., 6 de octubre de 2020.- Tras la presentaci\u00f3n&hellip;<\/p>\n","protected":false},"author":2,"featured_media":18495,"comment_status":"closed","ping_status":"open","sticky":false,"template":"","format":"standard","meta":{"_lmt_disableupdate":"","_lmt_disable":"","_jetpack_memberships_contains_paid_content":false,"footnotes":""},"categories":[109,47],"tags":[732],"class_list":["post-18494","post","type-post","status-publish","format-standard","has-post-thumbnail","hentry","category-minuto-a-minuto","category-zona-gris","tag-movimiento-de-unificacion-y-lucha-triqui"],"jetpack_featured_media_url":"https:\/\/zonaroja.com.mx\/wp-content\/uploads\/2020\/10\/Posicionamiento-MULT.jpg","jetpack_sharing_enabled":true,"_links":{"self":[{"href":"https:\/\/zonaroja.com.mx\/index.php?rest_route=\/wp\/v2\/posts\/18494","targetHints":{"allow":["GET"]}}],"collection":[{"href":"https:\/\/zonaroja.com.mx\/index.php?rest_route=\/wp\/v2\/posts"}],"about":[{"href":"https:\/\/zonaroja.com.mx\/index.php?rest_route=\/wp\/v2\/types\/post"}],"author":[{"embeddable":true,"href":"https:\/\/zonaroja.com.mx\/index.php?rest_route=\/wp\/v2\/users\/2"}],"replies":[{"embeddable":true,"href":"https:\/\/zonaroja.com.mx\/index.php?rest_route=%2Fwp%2Fv2%2Fcomments&post=18494"}],"version-history":[{"count":1,"href":"https:\/\/zonaroja.com.mx\/index.php?rest_route=\/wp\/v2\/posts\/18494\/revisions"}],"predecessor-version":[{"id":18496,"href":"https:\/\/zonaroja.com.mx\/index.php?rest_route=\/wp\/v2\/posts\/18494\/revisions\/18496"}],"wp:featuredmedia":[{"embeddable":true,"href":"https:\/\/zonaroja.com.mx\/index.php?rest_route=\/wp\/v2\/media\/18495"}],"wp:attachment":[{"href":"https:\/\/zonaroja.com.mx\/index.php?rest_route=%2Fwp%2Fv2%2Fmedia&parent=18494"}],"wp:term":[{"taxonomy":"category","embeddable":true,"href":"https:\/\/zonaroja.com.mx\/index.php?rest_route=%2Fwp%2Fv2%2Fcategories&post=18494"},{"taxonomy":"post_tag","embeddable":true,"href":"https:\/\/zonaroja.com.mx\/index.php?rest_route=%2Fwp%2Fv2%2Ftags&post=18494"}],"curies":[{"name":"wp","href":"https:\/\/api.w.org\/{rel}","templated":true}]}}