{"id":1850,"date":"2019-06-26T10:51:54","date_gmt":"2019-06-26T15:51:54","guid":{"rendered":"http:\/\/www.zonaroja.com.mx\/?p=1850"},"modified":"2019-06-26T10:51:56","modified_gmt":"2019-06-26T15:51:56","slug":"aumenta-consumo-de-drogas-y-cada-vez-mas-menores-beben-alcohol","status":"publish","type":"post","link":"https:\/\/zonaroja.com.mx\/?p=1850","title":{"rendered":"Aumenta consumo de drogas y cada vez m\u00e1s menores beben alcohol"},"content":{"rendered":"\n<p>Redacci\u00f3n<\/p>\n\n\n\n<p>Oaxaca de\nJu\u00e1rez, Oax., 26 de junio de 2019.- En Oaxaca el consumo de alcohol crece entre\nlos adolescentes. La edad para tomar bebidas embriagantes se redujo de los 18 a\nlos 13 y 14 a\u00f1os, con lo que se incrementa el riesgo de que sea la puerta de\nentrada a otras drogas.<\/p>\n\n\n\n<p>Lo anterior\nde acuerdo con la Encuesta Nacional de Consumo de Drogas, Alcohol y Tabaco\n(Encodat) 2016-2017, inform\u00f3 la dependencia Servicios de Salud de Oaxaca.<\/p>\n\n\n\n<p>Detall\u00f3 que respecto\na las drogas ilegales, en la entidad han cobrado fuerza en los \u00faltimos a\u00f1os; seg\u00fan\nel mismo estudio, el m\u00e1s reciente con que se cuenta sobre esa din\u00e1mica.<\/p>\n\n\n\n<p>La poblaci\u00f3n\nde entre 12 y 65 a\u00f1os que usa drogas ilegales en el estado pas\u00f3 del 3.4 al 6.6%\nentre 2008 y 2016. El aumento se centra principalmente entre j\u00f3venes de 12 a 25\na\u00f1os, pues en ocho a\u00f1os pasaron de representar de un 2.5 a ser un 10.5%.<\/p>\n\n\n\n<p>En un comunicado,\ndetall\u00f3 que el 9.5% de la poblaci\u00f3n oaxaque\u00f1a tiene el h\u00e1bito de fumar, lo que\nrepresenta a 252 mil personas con mayor riesgo de padecer cardiopat\u00edas y otras\nenfermedades cardiovasculares (accidente cerebrovascular). <\/p>\n\n\n\n<p>De acuerdo a\nla Encodat 2016-2017, se reporta que del total de fumadores, 55 mil son mujeres\ny 198 mil hombres, de los cuales 30 mil fuman diariamente y 222 mil de forma\nocasional.<\/p>\n\n\n\n<p>En el marco\ndel D\u00eda Internacional de la Lucha contra el Uso Indebido y Tr\u00e1fico Il\u00edcito de\nDrogas, que se conmemora este 26 de junio por la Asamblea General de la ONU,\nexpuso que la edad promedio de inicio de consumo de tabaco diario es de 19.5\na\u00f1os de edad. <\/p>\n\n\n\n<p>En Oaxaca,\nlos lugares p\u00fablicos reportados con mayor prevalencia de exposici\u00f3n al humo de\ntabaco de segunda mano por los no fumadores son: bares, restaurantes,\ntransporte p\u00fablico y escuelas, seguido por el trabajo, en tanto en el hogar se\nreport\u00f3 una prevalencia de exposici\u00f3n de 8.6%. <\/p>\n","protected":false},"excerpt":{"rendered":"<p>Redacci\u00f3n Oaxaca de Ju\u00e1rez, Oax., 26 de junio de 2019.- En Oaxaca el consumo de&hellip;<\/p>\n","protected":false},"author":2,"featured_media":1851,"comment_status":"closed","ping_status":"open","sticky":false,"template":"","format":"standard","meta":{"_lmt_disableupdate":"","_lmt_disable":"","_jetpack_memberships_contains_paid_content":false,"footnotes":""},"categories":[109,51],"tags":[237,58],"class_list":["post-1850","post","type-post","status-publish","format-standard","has-post-thumbnail","hentry","category-minuto-a-minuto","category-zona-roja","tag-drogas","tag-oaxaca"],"jetpack_featured_media_url":"https:\/\/zonaroja.com.mx\/wp-content\/uploads\/2019\/06\/SSO-01.jpg","jetpack_sharing_enabled":true,"_links":{"self":[{"href":"https:\/\/zonaroja.com.mx\/index.php?rest_route=\/wp\/v2\/posts\/1850","targetHints":{"allow":["GET"]}}],"collection":[{"href":"https:\/\/zonaroja.com.mx\/index.php?rest_route=\/wp\/v2\/posts"}],"about":[{"href":"https:\/\/zonaroja.com.mx\/index.php?rest_route=\/wp\/v2\/types\/post"}],"author":[{"embeddable":true,"href":"https:\/\/zonaroja.com.mx\/index.php?rest_route=\/wp\/v2\/users\/2"}],"replies":[{"embeddable":true,"href":"https:\/\/zonaroja.com.mx\/index.php?rest_route=%2Fwp%2Fv2%2Fcomments&post=1850"}],"version-history":[{"count":1,"href":"https:\/\/zonaroja.com.mx\/index.php?rest_route=\/wp\/v2\/posts\/1850\/revisions"}],"predecessor-version":[{"id":1852,"href":"https:\/\/zonaroja.com.mx\/index.php?rest_route=\/wp\/v2\/posts\/1850\/revisions\/1852"}],"wp:featuredmedia":[{"embeddable":true,"href":"https:\/\/zonaroja.com.mx\/index.php?rest_route=\/wp\/v2\/media\/1851"}],"wp:attachment":[{"href":"https:\/\/zonaroja.com.mx\/index.php?rest_route=%2Fwp%2Fv2%2Fmedia&parent=1850"}],"wp:term":[{"taxonomy":"category","embeddable":true,"href":"https:\/\/zonaroja.com.mx\/index.php?rest_route=%2Fwp%2Fv2%2Fcategories&post=1850"},{"taxonomy":"post_tag","embeddable":true,"href":"https:\/\/zonaroja.com.mx\/index.php?rest_route=%2Fwp%2Fv2%2Ftags&post=1850"}],"curies":[{"name":"wp","href":"https:\/\/api.w.org\/{rel}","templated":true}]}}