{"id":18505,"date":"2020-10-07T07:50:38","date_gmt":"2020-10-07T12:50:38","guid":{"rendered":"http:\/\/www.zonaroja.com.mx\/?p=18505"},"modified":"2020-10-07T07:51:27","modified_gmt":"2020-10-07T12:51:27","slug":"en-este-sexenio-al-menos-11-asesinados-en-conflicto-mixtepec-yosonama","status":"publish","type":"post","link":"https:\/\/zonaroja.com.mx\/?p=18505","title":{"rendered":"En este sexenio, al menos 11 asesinados en conflicto Mixtepec-Yoso\u00f1ama"},"content":{"rendered":"\n<p>Yuridiana Sosa\/Zona Roja.<\/p>\n\n\n\n<p>Oaxaca de Ju\u00e1rez, Oax., 7 de octubre de 2020.- En el transcurso de la actual administraci\u00f3n que encabeza Alejandro Murat, al menos 11 personas han sido asesinados en hechos relacionados con la disputa agraria entre San Juan Mixtepec y Santo Domingo Yoso\u00f1ama.<\/p>\n\n\n\n<p>Adem\u00e1s, en este mismo periodo de tiempo se ha registrado la quema de viviendas, retenci\u00f3n de personas y otras m\u00e1s que han resultado heridas en diversos ataques en disputa de mil 740 hect\u00e1reas, en la regi\u00f3n Mixteca.<\/p>\n\n\n\n<p>De acuerdo con autoridades de San Juan Mixtepec, los ataques hacia su comunidad son efectuados por su poblaci\u00f3n vecina con el respaldo de la organizaci\u00f3n priista Antorcha Campesina.<\/p>\n\n\n\n<p>En contraparte, vecinos de Yoso\u00f1ama han culpado de los ataques armados a sus vecinos de Mixtepec.<\/p>\n\n\n\n<p>El conflicto entre ambas comunidades de la regi\u00f3n Mixteca, con m\u00e1s v\u00edctimas mortales en Mixtepec, se ha reavivado a partir del segundo semestre de este a\u00f1o.<\/p>\n\n\n\n<p>El nuevo episodio violento m\u00e1s reciente se registr\u00f3 este 5 de octubre, con v\u00edctimas para la comunidad de Santo Domingo Yoso\u00f1ama, con el saldo de tres campesinos muertos y dos heridos de gravedad, informaron autoridades del Comisariado de Bienes Comunales del n\u00facleo agrario de Santo Domingo Yoso\u00f1ama.<\/p>\n\n\n\n<p>El hecho se registr\u00f3 la ma\u00f1ana del lunes en el paraje conocido como \u201cEl Mirador\u201d de Yoso\u00f1ama, donde fueron ejecutadas las personas identificadas como Crescencio Sanju\u00e1n Gonz\u00e1lez, de 38 a\u00f1os; Constantino Jos\u00e9 Gonz\u00e1lez, de 61 a\u00f1os, y Jorge Sanju\u00e1n Gonz\u00e1lez, de 30 a\u00f1os de edad, y otras dos personas resultaron heridas.<\/p>\n\n\n\n<p>A ese hecho le antecede el asesinato de un var\u00f3n de San Juan Mixtepec el pasado 7 de agosto del paraje \u201cTres Cruces\u201d de la carretera que comunica con a la Heroica Ciudad de Tlaxiaco.<\/p>\n\n\n\n<p>En junio, la comunidades y autoridades de Mixtepec denunciaron la privaci\u00f3n ilegal de uno de sus habitantes por parte de pobladores de Santo Domingo Yoso\u00f1ama, por lo que exigieron la intervenci\u00f3n de la Guardia Nacional y de la Polic\u00eda Estatal para rescatar con vida al ciudadano.<\/p>\n\n\n\n<p>En julio de 2018 se registr\u00f3 otro evento violento con saldo de dos personas asesinadas, adem\u00e1s de la incursi\u00f3n de hombres armados a predios de San Juan Mixtepec donde incendiaron al menos una docena de viviendas, sin el registro de p\u00e9rdidas de vidas humanas.<\/p>\n\n\n\n<p>Los actos fueron atribuidos a pobladores de Santo Domingo Yoso\u00f1ama, al igual que la masacre de junio de 2017, cuando cinco mujeres de Mixtepec fueron v\u00edctimas de una emboscada e incineradas.<\/p>\n\n\n\n<p>Las mujeres se desplazaban sobre la carretera que comunica a ese municipio con la Heroica Ciudad de Tlaxiaco, en inmediaciones del paraje Tres Cruces.<\/p>\n\n\n\n<p>Sin embargo, a pesar de las muertes el gobierno de Alejandro Murat sigue omiso para solucionar el problema, que de igual forma ha registrado otra docena de asesinatos en administraciones anteriores.<\/p>\n","protected":false},"excerpt":{"rendered":"<p>Yuridiana Sosa\/Zona Roja. Oaxaca de Ju\u00e1rez, Oax., 7 de octubre de 2020.- En el transcurso&hellip;<\/p>\n","protected":false},"author":2,"featured_media":18506,"comment_status":"closed","ping_status":"open","sticky":false,"template":"","format":"standard","meta":{"_lmt_disableupdate":"","_lmt_disable":"","_jetpack_memberships_contains_paid_content":false,"footnotes":""},"categories":[109,47],"tags":[1768,2075],"class_list":["post-18505","post","type-post","status-publish","format-standard","has-post-thumbnail","hentry","category-minuto-a-minuto","category-zona-gris","tag-san-juan-mixtepec","tag-santo-domingo-yosonama"],"jetpack_featured_media_url":"https:\/\/zonaroja.com.mx\/wp-content\/uploads\/2020\/10\/Conflicto-Mixtepec-Yosonama.jpg","jetpack_sharing_enabled":true,"_links":{"self":[{"href":"https:\/\/zonaroja.com.mx\/index.php?rest_route=\/wp\/v2\/posts\/18505","targetHints":{"allow":["GET"]}}],"collection":[{"href":"https:\/\/zonaroja.com.mx\/index.php?rest_route=\/wp\/v2\/posts"}],"about":[{"href":"https:\/\/zonaroja.com.mx\/index.php?rest_route=\/wp\/v2\/types\/post"}],"author":[{"embeddable":true,"href":"https:\/\/zonaroja.com.mx\/index.php?rest_route=\/wp\/v2\/users\/2"}],"replies":[{"embeddable":true,"href":"https:\/\/zonaroja.com.mx\/index.php?rest_route=%2Fwp%2Fv2%2Fcomments&post=18505"}],"version-history":[{"count":2,"href":"https:\/\/zonaroja.com.mx\/index.php?rest_route=\/wp\/v2\/posts\/18505\/revisions"}],"predecessor-version":[{"id":18508,"href":"https:\/\/zonaroja.com.mx\/index.php?rest_route=\/wp\/v2\/posts\/18505\/revisions\/18508"}],"wp:featuredmedia":[{"embeddable":true,"href":"https:\/\/zonaroja.com.mx\/index.php?rest_route=\/wp\/v2\/media\/18506"}],"wp:attachment":[{"href":"https:\/\/zonaroja.com.mx\/index.php?rest_route=%2Fwp%2Fv2%2Fmedia&parent=18505"}],"wp:term":[{"taxonomy":"category","embeddable":true,"href":"https:\/\/zonaroja.com.mx\/index.php?rest_route=%2Fwp%2Fv2%2Fcategories&post=18505"},{"taxonomy":"post_tag","embeddable":true,"href":"https:\/\/zonaroja.com.mx\/index.php?rest_route=%2Fwp%2Fv2%2Ftags&post=18505"}],"curies":[{"name":"wp","href":"https:\/\/api.w.org\/{rel}","templated":true}]}}