{"id":18509,"date":"2020-10-07T08:25:16","date_gmt":"2020-10-07T13:25:16","guid":{"rendered":"http:\/\/www.zonaroja.com.mx\/?p=18509"},"modified":"2020-10-07T08:25:20","modified_gmt":"2020-10-07T13:25:20","slug":"inicia-huelga-sindicato-de-colegio-de-bachilleratos-comunitarios-de-oaxaca","status":"publish","type":"post","link":"https:\/\/zonaroja.com.mx\/?p=18509","title":{"rendered":"Inicia huelga sindicato de Colegio de Bachilleratos Comunitarios de Oaxaca"},"content":{"rendered":"\n<p>Redacci\u00f3n\/Zona Roja.<\/p>\n\n\n\n<p>Oaxaca de Ju\u00e1rez, Oax., 7 de octubre de 2020.- Ante la nula respuesta del Gobierno del Estado a su pliego petitorio, afiliados al Sindicato \u00danico de Trabajadores del Colegio Superior para la Educaci\u00f3n Integral Intercultural de Oaxaca, iniciaron la ma\u00f1ana de hoy una huelga.<\/p>\n\n\n\n<p>De acuerdo con Fabiola Ruiz Guerra, secretaria general del gremio, la titular del organismo, Emilia Garc\u00eda Guzm\u00e1n, no ha ofrecido la atenci\u00f3n adecuada ni suficiente a sus demandas, entre ellas de incremento salarial.<\/p>\n\n\n\n<p>\u201cHay poca disposici\u00f3n para sentarse a negociar, en los hechos sus respuestas son poco significativas. La base trabajadora ya est\u00e1 cansada del discurso pol\u00edtico que siempre maneja la profesora Emilia Garc\u00eda, no reconoce el trabajo en planteles, en comunidades de alta y muy alta marginaci\u00f3n\u201d, dijo.<\/p>\n\n\n\n<figure class=\"wp-block-embed-twitter wp-block-embed is-type-rich is-provider-twitter\"><div class=\"wp-block-embed__wrapper\">\n<div class=\"twitter-tweet\"><blockquote class=\"twitter-tweet\" data-lang=\"es\"><p lang=\"es\" dir=\"ltr\"><a href=\"https:\/\/twitter.com\/hashtag\/%C3%9AltimoMinuto?src=hash&amp;ref_src=twsrc%5Etfw\">#\u00daltimoMinuto<\/a><br>Afiliados al Sindicato \u00danico de Trabajadores del Colegio Superior para la Educaci\u00f3n Integral Intercultural de Oaxaca (<a href=\"https:\/\/twitter.com\/CSEIIO_OFICIAL?ref_src=twsrc%5Etfw\">@CSEIIO_OFICIAL<\/a>) iniciaron esta ma\u00f1ana una huelga, ante las nulas respuestas del Gobierno del Estado a su pliego petitorio. <a href=\"https:\/\/t.co\/RcNUieZRn8\">pic.twitter.com\/RcNUieZRn8<\/a><\/p>&mdash; Zona Roja Oaxaca (@MexRoja) <a href=\"https:\/\/twitter.com\/MexRoja\/status\/1313826372473761793?ref_src=twsrc%5Etfw\">7 de octubre de 2020<\/a><\/blockquote><\/div>\n<\/div><\/figure>\n\n\n\n<p>Por ello, desde las siete de la ma\u00f1ana de hoy iniciaron con la colocaci\u00f3n de banderas rojinegras en oficinas centrales, en la colonia Reforma de la ciudad de Oaxaca, y en los 48 planteles ubicados en el estado, donde atienden a unos cinco mil estudiantes.<\/p>\n\n\n\n<p>Inform\u00f3 que pese a la disposici\u00f3n que ha tenido el sindicato en las mesas de di\u00e1logo, la direcci\u00f3n de Colegio Superior para la Educaci\u00f3n Integral ha tenido poca disposici\u00f3n al di\u00e1logo y al acuerdo, por lo cual no ceder\u00e1n en su derecho.<\/p>\n\n\n\n<p>Asimismo, dijo que los 360 trabajadores que integran el sindicato, han mostrado disposici\u00f3n para trabajar a distancia, a pesar de las graves carencias tecnol\u00f3gicas, pues incluso hay comunidades donde ni siquiera hay internet. \u201cEstaban laborando con mucha responsabilidad, con los medios posibles, pero la directora Emilia Garc\u00eda jam\u00e1s se ha preocupado por proveer los recursos para la educaci\u00f3n desde casa\u201d, dijo.<\/p>\n","protected":false},"excerpt":{"rendered":"<p>Redacci\u00f3n\/Zona Roja. Oaxaca de Ju\u00e1rez, Oax., 7 de octubre de 2020.- Ante la nula respuesta&hellip;<\/p>\n","protected":false},"author":2,"featured_media":18510,"comment_status":"closed","ping_status":"open","sticky":false,"template":"","format":"standard","meta":{"_lmt_disableupdate":"","_lmt_disable":"","_jetpack_memberships_contains_paid_content":false,"footnotes":""},"categories":[109,47],"tags":[2081],"class_list":["post-18509","post","type-post","status-publish","format-standard","has-post-thumbnail","hentry","category-minuto-a-minuto","category-zona-gris","tag-colegio-superior-para-la-educacion-integral-intercultural-de-oaxaca"],"jetpack_featured_media_url":"https:\/\/zonaroja.com.mx\/wp-content\/uploads\/2020\/10\/Huelga-Sutcseiio.jpg","jetpack_sharing_enabled":true,"_links":{"self":[{"href":"https:\/\/zonaroja.com.mx\/index.php?rest_route=\/wp\/v2\/posts\/18509","targetHints":{"allow":["GET"]}}],"collection":[{"href":"https:\/\/zonaroja.com.mx\/index.php?rest_route=\/wp\/v2\/posts"}],"about":[{"href":"https:\/\/zonaroja.com.mx\/index.php?rest_route=\/wp\/v2\/types\/post"}],"author":[{"embeddable":true,"href":"https:\/\/zonaroja.com.mx\/index.php?rest_route=\/wp\/v2\/users\/2"}],"replies":[{"embeddable":true,"href":"https:\/\/zonaroja.com.mx\/index.php?rest_route=%2Fwp%2Fv2%2Fcomments&post=18509"}],"version-history":[{"count":1,"href":"https:\/\/zonaroja.com.mx\/index.php?rest_route=\/wp\/v2\/posts\/18509\/revisions"}],"predecessor-version":[{"id":18511,"href":"https:\/\/zonaroja.com.mx\/index.php?rest_route=\/wp\/v2\/posts\/18509\/revisions\/18511"}],"wp:featuredmedia":[{"embeddable":true,"href":"https:\/\/zonaroja.com.mx\/index.php?rest_route=\/wp\/v2\/media\/18510"}],"wp:attachment":[{"href":"https:\/\/zonaroja.com.mx\/index.php?rest_route=%2Fwp%2Fv2%2Fmedia&parent=18509"}],"wp:term":[{"taxonomy":"category","embeddable":true,"href":"https:\/\/zonaroja.com.mx\/index.php?rest_route=%2Fwp%2Fv2%2Fcategories&post=18509"},{"taxonomy":"post_tag","embeddable":true,"href":"https:\/\/zonaroja.com.mx\/index.php?rest_route=%2Fwp%2Fv2%2Ftags&post=18509"}],"curies":[{"name":"wp","href":"https:\/\/api.w.org\/{rel}","templated":true}]}}