{"id":18513,"date":"2020-10-07T12:51:30","date_gmt":"2020-10-07T17:51:30","guid":{"rendered":"https:\/\/www.zonaroja.com.mx\/?p=18513"},"modified":"2020-10-07T12:51:34","modified_gmt":"2020-10-07T17:51:34","slug":"organizaciones-sociales-en-protesta-queman-patrulla-de-la-policia-estatal","status":"publish","type":"post","link":"https:\/\/zonaroja.com.mx\/?p=18513","title":{"rendered":"Organizaciones sociales en protesta, queman patrulla de la Polic\u00eda Estatal"},"content":{"rendered":"\n<p class=\"MsoNormal\">Yuridiana Sosa\/Zona Roja. <\/p>\n\n\n\n<p class=\"MsoNormal\">Oaxaca de Ju\u00e1rez, Oax., 7 de octubre de 2020.- Manifestantes de organizaciones sociales que bloquean desde hace tres d\u00edas la carretera federal 131 en inmediaciones del punto conocido como \u201cEl Trapiche\u201d, quemaron una patrulla de la Polic\u00eda Estatal de Oaxaca para exigir atenci\u00f3n del gobierno estatal y de la Fiscal\u00eda General del Estado.<\/p>\n\n\n\n<p class=\"MsoNormal\">El hecho se registr\u00f3 la madrugada de <a href=\"\/\/2\">este mi\u00e9rcoles<\/a> previo a su retiro en el tramo que da acceso al municipio de San Bernardo Mixtepec, del distrito de Zimatl\u00e1n, luego de mantener retenida la unidad por varias horas.<\/p>\n\n\n\n<p class=\"MsoNormal\">Los cuatro elementos que operaban la unidad de motor con el n\u00famero 1492 se\u00f1alaron que acudieron al lugar para realizar labores de orientaci\u00f3n vial a los automovilistas, por lo que en prevenci\u00f3n, se ubicaron a poco m\u00e1s de un kil\u00f3metro de distancia del bloqueo.<\/p>\n\n\n\n<p class=\"MsoNormal\">Hasta ese punto arribaron al menos unos 40 pobladores, presuntamente de la localidad de Santo Domingo Teojomulco, a bordo de tres camionetas. Los cuatro polic\u00edas fueron amedrentados y amenazados con ser golpeados, si no acced\u00edan a trasladarse hasta el punto exacto de la manifestaci\u00f3n.<\/p>\n\n\n\n<p class=\"MsoNormal\">Cuando los uniformados llegaron a la movilizaci\u00f3n, fueron despojados de la patrulla y corridos del lugar, donde probablemente fue incendiada <a href=\"\/\/3\">entre las 04:00 y 05:00<\/a> horas de <a href=\"\/\/4\">este mi\u00e9rcoles<\/a>. Tras el peritaje por la Agencia Estatal de Investigaciones, la patrulla fue retirada del lugar.<\/p>\n\n\n\n<p>Los presuntos autores del incendio de la unidad, forman parte de organizaciones sociales aglutinadas en la Alianza de Pueblos que desde el lunes bloquean diversas vialidades en los Valles Centrales y el interior del estado. <\/p>\n\n\n\n<p class=\"MsoNormal\">Este mi\u00e9rcoles, otro grupo de pobladores tambi\u00e9n comenz\u00f3 con movilizaciones en la ciudad y la zona conurbada a la capital, principalmente en la carretera federal 175 en el crucero del aeropuerto en Santa Cruz Xoxocotl\u00e1n, con el respaldo de organizaciones que integran la Alianza de Pueblos Unidos, que integran el Codep, Codedi, Codeci, entre otros. <\/p>\n","protected":false},"excerpt":{"rendered":"<p>Yuridiana Sosa\/Zona Roja. Oaxaca de Ju\u00e1rez, Oax., 7 de octubre de 2020.- Manifestantes de organizaciones&hellip;<\/p>\n","protected":false},"author":2,"featured_media":18512,"comment_status":"closed","ping_status":"open","sticky":false,"template":"","format":"standard","meta":{"_lmt_disableupdate":"","_lmt_disable":"","_jetpack_memberships_contains_paid_content":false,"footnotes":""},"categories":[109,47],"tags":[],"class_list":["post-18513","post","type-post","status-publish","format-standard","has-post-thumbnail","hentry","category-minuto-a-minuto","category-zona-gris"],"jetpack_featured_media_url":"https:\/\/zonaroja.com.mx\/wp-content\/uploads\/2020\/10\/938f0bc3-fdba-4487-b4e3-e42651561c2f.jpg","jetpack_sharing_enabled":true,"_links":{"self":[{"href":"https:\/\/zonaroja.com.mx\/index.php?rest_route=\/wp\/v2\/posts\/18513","targetHints":{"allow":["GET"]}}],"collection":[{"href":"https:\/\/zonaroja.com.mx\/index.php?rest_route=\/wp\/v2\/posts"}],"about":[{"href":"https:\/\/zonaroja.com.mx\/index.php?rest_route=\/wp\/v2\/types\/post"}],"author":[{"embeddable":true,"href":"https:\/\/zonaroja.com.mx\/index.php?rest_route=\/wp\/v2\/users\/2"}],"replies":[{"embeddable":true,"href":"https:\/\/zonaroja.com.mx\/index.php?rest_route=%2Fwp%2Fv2%2Fcomments&post=18513"}],"version-history":[{"count":1,"href":"https:\/\/zonaroja.com.mx\/index.php?rest_route=\/wp\/v2\/posts\/18513\/revisions"}],"predecessor-version":[{"id":18514,"href":"https:\/\/zonaroja.com.mx\/index.php?rest_route=\/wp\/v2\/posts\/18513\/revisions\/18514"}],"wp:featuredmedia":[{"embeddable":true,"href":"https:\/\/zonaroja.com.mx\/index.php?rest_route=\/wp\/v2\/media\/18512"}],"wp:attachment":[{"href":"https:\/\/zonaroja.com.mx\/index.php?rest_route=%2Fwp%2Fv2%2Fmedia&parent=18513"}],"wp:term":[{"taxonomy":"category","embeddable":true,"href":"https:\/\/zonaroja.com.mx\/index.php?rest_route=%2Fwp%2Fv2%2Fcategories&post=18513"},{"taxonomy":"post_tag","embeddable":true,"href":"https:\/\/zonaroja.com.mx\/index.php?rest_route=%2Fwp%2Fv2%2Ftags&post=18513"}],"curies":[{"name":"wp","href":"https:\/\/api.w.org\/{rel}","templated":true}]}}