{"id":18515,"date":"2020-10-07T15:42:28","date_gmt":"2020-10-07T20:42:28","guid":{"rendered":"http:\/\/www.zonaroja.com.mx\/?p=18515"},"modified":"2020-10-07T15:42:32","modified_gmt":"2020-10-07T20:42:32","slug":"van-31-muertos-por-conflicto-agrario-yosonama-advirtio-y-fue-ignorada-por-gobierno","status":"publish","type":"post","link":"https:\/\/zonaroja.com.mx\/?p=18515","title":{"rendered":"Van 31 muertos por conflicto agrario; Yoso\u00f1ama advirti\u00f3 y fue ignorada por gobierno"},"content":{"rendered":"\n<p>Yuridiana Sosa\/Zona Roja.<\/p>\n\n\n\n<p>Oaxaca de Ju\u00e1rez, Oax., 7 de octubre de 2020.- En defensa de la comunidad de Santo Domingo Yoso\u00f1ama, ante el asesinato de tres personas, integrantes de Antorcha Campesina se manifestaron frente a Casa Oficial, en la capital de Oaxaca, para exigir al gobernador Alejandro Murat una audiencia e intervenci\u00f3n directa a fin de solucionar el conflicto agrario entre Yoso\u00f1ama y San Juan Mixtepec.<\/p>\n\n\n\n<p>Los diferentes enfrentamientos por la disputa de mil 744 hect\u00e1reas han dejado, en el transcurso de los \u00faltimos a\u00f1os, el saldo de al menos 31 pobladores de Santo Domingo asesinados.<\/p>\n\n\n\n<p>El representante de la organizaci\u00f3n en Oaxaca, Dimas Romero Gonz\u00e1lez, se\u00f1al\u00f3 que previo al \u00faltimo ataque armado del lunes 5 de octubre &#8211;donde tres campesinos fueron acribillados y dos m\u00e1s resultaron heridos&#8211;, se advirti\u00f3 al gobernador de un posible hecho violento, pero ignoraron el llamado de auxilio.<\/p>\n\n\n\n<p>En conferencia de prensa, detall\u00f3 que por medio de un oficio se alert\u00f3 al gobierno del estado de la presencia de pobladores ajenos a Yoso\u00f1ama sobre la zona en disputa, sin embargo, la Secretar\u00eda General de Gobierno actu\u00f3 de forma tard\u00eda.<\/p>\n\n\n\n<figure class=\"wp-block-embed-twitter wp-block-embed is-type-rich is-provider-twitter\"><div class=\"wp-block-embed__wrapper\">\n<div class=\"twitter-tweet\"><blockquote class=\"twitter-tweet\" data-lang=\"es\"><p lang=\"es\" dir=\"ltr\"><a href=\"https:\/\/twitter.com\/hashtag\/ENVIVO?src=hash&amp;ref_src=twsrc%5Etfw\">#ENVIVO<\/a> <br>Oaxaca de Ju\u00e1rez, Oax., 7 de octubre de 2020.- Integrantes de la organizaci\u00f3n Antorcha Campesina exigen audiencia en Casa Oficial de Gobierno tras la masacre ocurrida el lunes contra habitantes de Santo Domingo Yoso\u00f1ama, Oaxaca.  <br><br>Aqu\u00ed \ud83d\udc47<a href=\"https:\/\/t.co\/nEN81L58ct\">https:\/\/t.co\/nEN81L58ct<\/a> <a href=\"https:\/\/t.co\/faMD49gJf0\">pic.twitter.com\/faMD49gJf0<\/a><\/p>&mdash; Zona Roja Oaxaca (@MexRoja) <a href=\"https:\/\/twitter.com\/MexRoja\/status\/1313859092667150337?ref_src=twsrc%5Etfw\">7 de octubre de 2020<\/a><\/blockquote><\/div>\n<\/div><\/figure>\n\n\n\n<p>\u201cHay gran dolor entre las familias, rabia e impotencia, el trabajo de prevenci\u00f3n al delito ha fallado\u201d, indic\u00f3 el representante, quien exigi\u00f3 a que la Secretar\u00eda de Seguridad P\u00fablica retome con mayor \u00e9nfasis el programa de prevenci\u00f3n y se apoye con instancias federales para vigilar de forma permanente la zona en conflicto.<\/p>\n\n\n\n<p>Pues, a pesar de la insistencia de la poblaci\u00f3n en esta exigencia \u201cel gobierno no ha garantizado la seguridad\u201d, adem\u00e1s, denunci\u00f3 posibles actos de complicidad de autoridades de la Fiscal\u00eda General de Oaxaca en la regi\u00f3n Mixteca para favorecer a la comunidad de Mixtepec, pues sin previas investigaciones han se\u00f1alado de responsables de ataques a los habitantes de Yoso\u00f1ama.<\/p>\n\n\n\n<p>\u201cPara probar, ac\u00e1 est\u00e1 el escrito que giramos al gobernador para que atendiera y no hicieron caso. Lo que sucedi\u00f3 el lunes es una prueba de que ten\u00edamos raz\u00f3n de lo que est\u00e1 aconteciendo.<\/p>\n\n\n\n<p>\u201cHemos estado denunciando omisi\u00f3n y complicidad de algunas dependencias, en el caso concreto de la Vicefiscal\u00eda de la Mixteca, que inculp\u00f3 sin prueba a gente de Yoso\u00f1ama.<\/p>\n\n\n\n<figure class=\"wp-block-embed-twitter wp-block-embed is-type-rich is-provider-twitter\"><div class=\"wp-block-embed__wrapper\">\n<div class=\"twitter-tweet\"><blockquote class=\"twitter-tweet\" data-lang=\"es\"><p lang=\"es\" dir=\"ltr\">A las 11:30 horas, inicia la primera sesi\u00f3n de la Diputaci\u00f3n Permanente del <a href=\"https:\/\/twitter.com\/CongresoOaxLXIV?ref_src=twsrc%5Etfw\">@CongresoOaxLXIV<\/a>, integrada por cuatro mujeres y un var\u00f3n, y que preside la diputada por Morena, <a href=\"https:\/\/twitter.com\/Elisa_ZepedaOax?ref_src=twsrc%5Etfw\">@Elisa_ZepedaOax<\/a>. <a href=\"https:\/\/t.co\/u3q1dt5hHp\">pic.twitter.com\/u3q1dt5hHp<\/a><\/p>&mdash; Zona Roja Oaxaca (@MexRoja) <a href=\"https:\/\/twitter.com\/MexRoja\/status\/1313881697667215366?ref_src=twsrc%5Etfw\">7 de octubre de 2020<\/a><\/blockquote><\/div>\n<\/div><\/figure>\n\n\n\n<p>\u201cNosotros fuimos con el fiscal, se prometi\u00f3 que iba a haber operativos de seguridad conjunto y nosotros decimos que esa es la molestia, que a pesar de que se denuncia y se compromete por parte de la Fiscal\u00eda, no se cumple; que intervenga la autoridad del estado, porque la Fiscal\u00eda no nos ha atendido\u201d, dijo Dimas Romero.<\/p>\n\n\n\n<p>De acuerdo con el representante en la zona, Gilberto Reyes Jos\u00e9, el conflicto entre estas comunidades data de al menos hace 75 a\u00f1os, mientras habitantes de Yoso\u00f1ama indican que por ocupaci\u00f3n las hect\u00e1reas les pertenecen, las autoridades de San Juan Mixtepec presentan documento de su posesi\u00f3n.<\/p>\n","protected":false},"excerpt":{"rendered":"<p>Yuridiana Sosa\/Zona Roja. Oaxaca de Ju\u00e1rez, Oax., 7 de octubre de 2020.- En defensa de&hellip;<\/p>\n","protected":false},"author":2,"featured_media":18516,"comment_status":"closed","ping_status":"open","sticky":false,"template":"","format":"standard","meta":{"_lmt_disableupdate":"","_lmt_disable":"","_jetpack_memberships_contains_paid_content":false,"footnotes":""},"categories":[109,47],"tags":[2082,2075],"class_list":["post-18515","post","type-post","status-publish","format-standard","has-post-thumbnail","hentry","category-minuto-a-minuto","category-zona-gris","tag-antorcha-campesina-oaxaca","tag-santo-domingo-yosonama"],"jetpack_featured_media_url":"https:\/\/zonaroja.com.mx\/wp-content\/uploads\/2020\/10\/Antorcha-Campesina-en-Casa-Oficial.jpg","jetpack_sharing_enabled":true,"_links":{"self":[{"href":"https:\/\/zonaroja.com.mx\/index.php?rest_route=\/wp\/v2\/posts\/18515","targetHints":{"allow":["GET"]}}],"collection":[{"href":"https:\/\/zonaroja.com.mx\/index.php?rest_route=\/wp\/v2\/posts"}],"about":[{"href":"https:\/\/zonaroja.com.mx\/index.php?rest_route=\/wp\/v2\/types\/post"}],"author":[{"embeddable":true,"href":"https:\/\/zonaroja.com.mx\/index.php?rest_route=\/wp\/v2\/users\/2"}],"replies":[{"embeddable":true,"href":"https:\/\/zonaroja.com.mx\/index.php?rest_route=%2Fwp%2Fv2%2Fcomments&post=18515"}],"version-history":[{"count":1,"href":"https:\/\/zonaroja.com.mx\/index.php?rest_route=\/wp\/v2\/posts\/18515\/revisions"}],"predecessor-version":[{"id":18517,"href":"https:\/\/zonaroja.com.mx\/index.php?rest_route=\/wp\/v2\/posts\/18515\/revisions\/18517"}],"wp:featuredmedia":[{"embeddable":true,"href":"https:\/\/zonaroja.com.mx\/index.php?rest_route=\/wp\/v2\/media\/18516"}],"wp:attachment":[{"href":"https:\/\/zonaroja.com.mx\/index.php?rest_route=%2Fwp%2Fv2%2Fmedia&parent=18515"}],"wp:term":[{"taxonomy":"category","embeddable":true,"href":"https:\/\/zonaroja.com.mx\/index.php?rest_route=%2Fwp%2Fv2%2Fcategories&post=18515"},{"taxonomy":"post_tag","embeddable":true,"href":"https:\/\/zonaroja.com.mx\/index.php?rest_route=%2Fwp%2Fv2%2Ftags&post=18515"}],"curies":[{"name":"wp","href":"https:\/\/api.w.org\/{rel}","templated":true}]}}