{"id":18519,"date":"2020-10-07T16:53:35","date_gmt":"2020-10-07T21:53:35","guid":{"rendered":"http:\/\/www.zonaroja.com.mx\/?p=18519"},"modified":"2020-10-07T16:53:38","modified_gmt":"2020-10-07T21:53:38","slug":"omision-de-gobierno-causa-tres-dias-de-caos-e-impunidad-en-oaxaca","status":"publish","type":"post","link":"https:\/\/zonaroja.com.mx\/?p=18519","title":{"rendered":"Omisi\u00f3n de gobierno causa tres d\u00edas de caos e impunidad en Oaxaca"},"content":{"rendered":"\n<p>Evlin Arag\u00f3n\/Zona Roja.<\/p>\n\n\n\n<p>Oaxaca de Ju\u00e1rez, Oax., 7 de octubre de 2020.- Por tercer d\u00eda consecutivo, integrantes de la Alianza de los Pueblos por la Justicia Social y la Asamblea de los Pueblos en Defensa del Territorio, la Educaci\u00f3n P\u00fablica, Gratuita y los Derechos Humanos, mantienen sus bloqueos en diversas carreteras de Oaxaca, entre ellas el acceso al aeropuerto \u201cBenito Ju\u00e1rez\u201d.<\/p>\n\n\n\n<p>La omisi\u00f3n de las autoridades estatales a su demanda de justicia, ha provocado bloqueos en las regiones de Valles Centrales, Mixteca, Sierra Sur, Cuenca e Istmo, mismos que este mi\u00e9rcoles se intensificaron de forma violenta en la capital del estado.<\/p>\n\n\n\n<p>Con la \u201ctoma\u201d de camiones del transporte p\u00fablico y privado, los grupos de manifestantes cerraron diversas vialidades de la capital como los cruceros de S\u00edmbolos Patrios, Eduardo Mata y Fiallo, Perif\u00e9rico y Miguel Cabrera, entre otros, afectando la circulaci\u00f3n en todo el Perif\u00e9rico y las riberas del R\u00edo Atoyac.\u00a0\u00a0<\/p>\n\n\n\n<figure class=\"wp-block-embed-twitter wp-block-embed is-type-rich is-provider-twitter\"><div class=\"wp-block-embed__wrapper\">\n<div class=\"twitter-tweet\"><blockquote class=\"twitter-tweet\" data-lang=\"es\"><p lang=\"es\" dir=\"ltr\"><a href=\"https:\/\/twitter.com\/hashtag\/%C3%9AltimoMinuto?src=hash&amp;ref_src=twsrc%5Etfw\">#\u00daltimoMinuto<\/a> <br>Integrantes de organizaciones sociales cada vez m\u00e1s beligerantes, ya tienen sitiada la ciudad de <a href=\"https:\/\/twitter.com\/hashtag\/Oaxaca?src=hash&amp;ref_src=twsrc%5Etfw\">#Oaxaca<\/a>, adem\u00e1s de varios puntos en el interior del estado. <br>Con violencia retienen unidades de motor, como ocurri\u00f3 en este caso en el centro de la capital. <a href=\"https:\/\/t.co\/KWLO8Xdg3O\">pic.twitter.com\/KWLO8Xdg3O<\/a><\/p>&mdash; Zona Roja Oaxaca (@MexRoja) <a href=\"https:\/\/twitter.com\/MexRoja\/status\/1313903534497312768?ref_src=twsrc%5Etfw\">7 de octubre de 2020<\/a><\/blockquote><\/div>\n<\/div><\/figure>\n\n\n\n<p>As\u00ed mismo, la zona norte de la ciudad como los cruceros del estadio de b\u00e9isbol, bulevar Manuel Ruiz y calle de Derechos Humanos, situaci\u00f3n que g\u00e9nero caos vial y la inconformidad de cientos de automovilistas que se quedaron varados o tuvieron que buscar v\u00edas alternas en calles seriamente da\u00f1adas debido a la falta de mantenimiento.&nbsp;<\/p>\n\n\n\n<p>De acuerdo con testimonios publicados en redes sociales, los manifestantes se mostraron agresivos, al amedrentar a la poblaci\u00f3n con palos y piedras en manos, las cuales utilizaron para causar da\u00f1os en unidades que hicieron de todo para no quedar varadas en los bloqueos.&nbsp;<\/p>\n\n\n\n<p>Pese a que se trata del tercer d\u00eda de movilizaciones, las autoridades estatales, a trav\u00e9s de la Secretar\u00eda General de Gobierno, se han mostrado ausentes dejando en el abandono a la poblaci\u00f3n afectada con los bloqueos, quienes tienes que caminar por largos tramos carretero o hacer un gasto extra para transbordar para llegar a su lugar de destino.\u00a0\u00a0<\/p>\n\n\n\n<figure class=\"wp-block-embed-twitter wp-block-embed is-type-rich is-provider-twitter\"><div class=\"wp-block-embed__wrapper\">\n<div class=\"twitter-tweet\"><blockquote class=\"twitter-tweet\" data-lang=\"es\"><p lang=\"es\" dir=\"ltr\"><a href=\"https:\/\/twitter.com\/hashtag\/UltimoMinuto?src=hash&amp;ref_src=twsrc%5Etfw\">#UltimoMinuto<\/a> <br>Impunidad, ingobernabilidad y ahora m\u00e1s violencia en Oaxaca. Organizaciones sociales que desde hace tres d\u00edas bloquean carreteras de la entidad,ahora \u201ctoman\u201d camiones y cierran vialidades de la capital, entre ellos el Perif\u00e9rico. El <a href=\"https:\/\/twitter.com\/GobOax?ref_src=twsrc%5Etfw\">@GobOax<\/a> <a href=\"https:\/\/twitter.com\/SEGEGO_GobOax?ref_src=twsrc%5Etfw\">@SEGEGO_GobOax<\/a>, ausente. <a href=\"https:\/\/t.co\/fRhuAN5dsd\">pic.twitter.com\/fRhuAN5dsd<\/a><\/p>&mdash; Zona Roja Oaxaca (@MexRoja) <a href=\"https:\/\/twitter.com\/MexRoja\/status\/1313871588111118337?ref_src=twsrc%5Etfw\">7 de octubre de 2020<\/a><\/blockquote><\/div>\n<\/div><\/figure>\n\n\n\n<p>SIN JUSTICIA<\/p>\n\n\n\n<p>Apenas ayer, representantes de las organizaciones movilizadas refirieron que su principal demanda era justicia por sus compa\u00f1eros asesinados, raz\u00f3n por la que incluso tomaron las instalaciones de la Fiscal\u00eda General con la intenci\u00f3n de exigir atenci\u00f3n personalizada por parte de Rub\u00e9n Vasconcelos M\u00e9ndez.&nbsp;&nbsp;<\/p>\n\n\n\n<p>Ah\u00ed mismo denunciaron el aumento de asesinatos, persecuciones, encarcelamientos injustos a l\u00edderes sociales y activistas, as\u00ed como el incremento de la pobreza de los pueblos ya de por s\u00ed marginados, situaci\u00f3n que los ha llevado a movilizarse en el marco de su Jornada de Lucha por la Justicia Social y los Derechos Humano \u201cSamuel Hern\u00e1ndez Morales\u201d.<\/p>\n\n\n\n<p>Explicaron que en mayo pasado realizaron movilizaciones que tampoco fueron atendidas por parte de las autoridades estatales, por lo que advirtieron que, de no ser escuchados en esta ocasi\u00f3n, se trasladaran a la Ciudad de M\u00e9xico para hacer de conocimiento al mandatario federal de la situaci\u00f3n de ingobernabilidad, falta de acceso a la justicia e injusticia social que se vive en Oaxaca.&nbsp;<\/p>\n\n\n\n<p>Hasta la tarde de este mi\u00e9rcoles, los bloqueos se mantienen tambi\u00e9n en el interior del estado, como en la supercarretera Oaxaca-Cuacnopalan y la carretera federal 190, en inmediaciones de Nochixtl\u00e1n.<\/p>\n\n\n\n<p>Asimismo, en inmediaciones de Pinotepa Nacional y Pochutla, sobre la v\u00eda federal 200; en San Juan Bautista Tuxtepec a la altura de la caseta de cobro \u201cCaracol\u201d, adem\u00e1s de inmediaciones de Juchit\u00e1n de Zaragoza.<\/p>\n","protected":false},"excerpt":{"rendered":"<p>Evlin Arag\u00f3n\/Zona Roja. Oaxaca de Ju\u00e1rez, Oax., 7 de octubre de 2020.- Por tercer d\u00eda&hellip;<\/p>\n","protected":false},"author":2,"featured_media":18520,"comment_status":"closed","ping_status":"open","sticky":false,"template":"","format":"standard","meta":{"_lmt_disableupdate":"","_lmt_disable":"","_jetpack_memberships_contains_paid_content":false,"footnotes":""},"categories":[109,47],"tags":[2061],"class_list":["post-18519","post","type-post","status-publish","format-standard","has-post-thumbnail","hentry","category-minuto-a-minuto","category-zona-gris","tag-bloqueos-ciudad-de-oaxaca"],"jetpack_featured_media_url":"https:\/\/zonaroja.com.mx\/wp-content\/uploads\/2020\/10\/Bloqueos-organizaciones-sociales-Oaxaca.jpg","jetpack_sharing_enabled":true,"_links":{"self":[{"href":"https:\/\/zonaroja.com.mx\/index.php?rest_route=\/wp\/v2\/posts\/18519","targetHints":{"allow":["GET"]}}],"collection":[{"href":"https:\/\/zonaroja.com.mx\/index.php?rest_route=\/wp\/v2\/posts"}],"about":[{"href":"https:\/\/zonaroja.com.mx\/index.php?rest_route=\/wp\/v2\/types\/post"}],"author":[{"embeddable":true,"href":"https:\/\/zonaroja.com.mx\/index.php?rest_route=\/wp\/v2\/users\/2"}],"replies":[{"embeddable":true,"href":"https:\/\/zonaroja.com.mx\/index.php?rest_route=%2Fwp%2Fv2%2Fcomments&post=18519"}],"version-history":[{"count":1,"href":"https:\/\/zonaroja.com.mx\/index.php?rest_route=\/wp\/v2\/posts\/18519\/revisions"}],"predecessor-version":[{"id":18521,"href":"https:\/\/zonaroja.com.mx\/index.php?rest_route=\/wp\/v2\/posts\/18519\/revisions\/18521"}],"wp:featuredmedia":[{"embeddable":true,"href":"https:\/\/zonaroja.com.mx\/index.php?rest_route=\/wp\/v2\/media\/18520"}],"wp:attachment":[{"href":"https:\/\/zonaroja.com.mx\/index.php?rest_route=%2Fwp%2Fv2%2Fmedia&parent=18519"}],"wp:term":[{"taxonomy":"category","embeddable":true,"href":"https:\/\/zonaroja.com.mx\/index.php?rest_route=%2Fwp%2Fv2%2Fcategories&post=18519"},{"taxonomy":"post_tag","embeddable":true,"href":"https:\/\/zonaroja.com.mx\/index.php?rest_route=%2Fwp%2Fv2%2Ftags&post=18519"}],"curies":[{"name":"wp","href":"https:\/\/api.w.org\/{rel}","templated":true}]}}