{"id":18522,"date":"2020-10-07T18:31:19","date_gmt":"2020-10-07T23:31:19","guid":{"rendered":"http:\/\/www.zonaroja.com.mx\/?p=18522"},"modified":"2020-10-07T18:58:31","modified_gmt":"2020-10-07T23:58:31","slug":"a-tres-dias-de-bloqueo-nochixtlan-demanda-al-gobernador-el-retiro-de-bloqueo","status":"publish","type":"post","link":"https:\/\/zonaroja.com.mx\/?p=18522","title":{"rendered":"A tres d\u00edas de bloqueo, Nochixtl\u00e1n demanda al gobernador el retiro de bloqueo"},"content":{"rendered":"\n<p>Yuridiana Sosa\/Zona Roja.<\/p>\n\n\n\n<p>Oaxaca de Ju\u00e1rez, Oax., 7 de octubre de 2020.- Autoridades municipales de Asunci\u00f3n Nochixtl\u00e1n, en la regi\u00f3n Mixteca, arribaron a la capital de Oaxaca a fin de demandar al gobernador Alejandro Murat su intervenci\u00f3n inmediata para el retiro del bloqueo carretero en jurisdicci\u00f3n de este municipio.<\/p>\n\n\n\n<p>La presidenta municipal, Lizbeth Victoria Huerta, se\u00f1al\u00f3 en conferencia de prensa, frente al Palacio de Gobierno, sobre las afectaciones que provoca la manifestaci\u00f3n, que este mi\u00e9rcoles cumpli\u00f3 tres d\u00edas de obstrucci\u00f3n total del paso sobre la carretera federal 190 y la supercarretera 135-D Oaxaca-Cuacnopalan, por parte de diversas organizaciones sociales.<\/p>\n\n\n\n<p>Sin buscar el di\u00e1logo con quienes mantienen demandas del orden estatal, los funcionarios municipales acudieron a la exigencia personal ante las autoridades estatales, quienes a distancia s\u00f3lo respond\u00edan que estaban en mesa de di\u00e1logo.<\/p>\n\n\n\n<p>Victoria Huerta dijo que el bloqueo no s\u00f3lo afecta a su poblaci\u00f3n, sino a todos los que ocupan esta v\u00eda para trasladarse a la capital oaxaque\u00f1a, lo que ha dejado importantes p\u00e9rdidas econ\u00f3micas para su municipio dedicado principalmente a la actividad comercial.<\/p>\n\n\n\n<p>Las autoridades de Nochixtl\u00e1n expresaron el respeto a las manifestaciones, pero ante la gravedad del bloqueo, llamaron a las organizaciones sociales a respetar el derecho al libre tr\u00e1nsito del mismo pueblo.<\/p>\n\n\n\n<figure class=\"wp-block-embed-twitter wp-block-embed is-type-rich is-provider-twitter\"><div class=\"wp-block-embed__wrapper\">\n<div class=\"twitter-tweet\"><blockquote class=\"twitter-tweet\" data-lang=\"es\"><p lang=\"es\" dir=\"ltr\"><a href=\"https:\/\/twitter.com\/hashtag\/ENVIVO?src=hash&amp;ref_src=twsrc%5Etfw\">#ENVIVO<\/a><br>Oaxaca de Ju\u00e1rez, Oax., 7 de octubre de 2020.- La autoridad municipal de Asunci\u00f3n Nochixtl\u00e1n pide al Gobierno del Estado de Oaxaca retire los bloqueos en carreteras de ese municipio de la regi\u00f3n Mixteca.<br><br>Aqu\u00ed la transmisi\u00f3n \ud83d\udc47<a href=\"https:\/\/t.co\/8V4ZtXmFe0\">https:\/\/t.co\/8V4ZtXmFe0<\/a> <a href=\"https:\/\/t.co\/Ieht4Y4Ahy\">pic.twitter.com\/Ieht4Y4Ahy<\/a><\/p>&mdash; Zona Roja Oaxaca (@MexRoja) <a href=\"https:\/\/twitter.com\/MexRoja\/status\/1313924272562360320?ref_src=twsrc%5Etfw\">7 de octubre de 2020<\/a><\/blockquote><\/div>\n<\/div><\/figure>\n\n\n\n<p>La edil mencion\u00f3 que desconoce qui\u00e9nes son del grupo inconforme, pero asegur\u00f3 que no participan pobladores de Nochixtl\u00e1n, as\u00ed como neg\u00f3 que la poblaci\u00f3n de su municipio se organice para retirar de forma violenta el bloqueo.<\/p>\n\n\n\n<p>\u201cNo queremos que haya de nuevo una revuelta y nos echen al final la culpa a nosotros como municipio; hemos hecho las llamadas al Gobierno del Estado, al gobierno federal. Venimos a dejar un escrito al gobernador para que atienda e intervenga ese conflicto.<\/p>\n\n\n\n<p>\u201cNo queremos que se generen m\u00e1s problemas, nos ha costado mucho tener la estabilidad, la realidad es que hoy s\u00ed pedimos que liberen las v\u00edas y que dejen de cobrar a los que pasan\u201d, expuso.<\/p>\n\n\n\n<p>PASO PARCIAL<\/p>\n\n\n\n<p>Luego de tres d\u00edas de bloqueo total en ambas vialidades, en jurisdicci\u00f3n de Asunci\u00f3n Nochixtl\u00e1n, cerca de las 15:00 horas de este mi\u00e9rcoles se report\u00f3 acceso intermitente sobre la carretera federal, sin permitir el paso en la autopista, y mediante un pago \u201cvoluntario\u201d de 100 pesos.<\/p>\n","protected":false},"excerpt":{"rendered":"<p>Yuridiana Sosa\/Zona Roja. Oaxaca de Ju\u00e1rez, Oax., 7 de octubre de 2020.- Autoridades municipales de&hellip;<\/p>\n","protected":false},"author":2,"featured_media":18523,"comment_status":"closed","ping_status":"open","sticky":false,"template":"","format":"standard","meta":{"_lmt_disableupdate":"","_lmt_disable":"","_jetpack_memberships_contains_paid_content":false,"footnotes":""},"categories":[109,47],"tags":[128,2083],"class_list":["post-18522","post","type-post","status-publish","format-standard","has-post-thumbnail","hentry","category-minuto-a-minuto","category-zona-gris","tag-asuncion-nochixtlan","tag-lizbeth-victoria-huerta"],"jetpack_featured_media_url":"https:\/\/zonaroja.com.mx\/wp-content\/uploads\/2020\/10\/Presidenta-de-Nochixtlan.jpg","jetpack_sharing_enabled":true,"_links":{"self":[{"href":"https:\/\/zonaroja.com.mx\/index.php?rest_route=\/wp\/v2\/posts\/18522","targetHints":{"allow":["GET"]}}],"collection":[{"href":"https:\/\/zonaroja.com.mx\/index.php?rest_route=\/wp\/v2\/posts"}],"about":[{"href":"https:\/\/zonaroja.com.mx\/index.php?rest_route=\/wp\/v2\/types\/post"}],"author":[{"embeddable":true,"href":"https:\/\/zonaroja.com.mx\/index.php?rest_route=\/wp\/v2\/users\/2"}],"replies":[{"embeddable":true,"href":"https:\/\/zonaroja.com.mx\/index.php?rest_route=%2Fwp%2Fv2%2Fcomments&post=18522"}],"version-history":[{"count":2,"href":"https:\/\/zonaroja.com.mx\/index.php?rest_route=\/wp\/v2\/posts\/18522\/revisions"}],"predecessor-version":[{"id":18526,"href":"https:\/\/zonaroja.com.mx\/index.php?rest_route=\/wp\/v2\/posts\/18522\/revisions\/18526"}],"wp:featuredmedia":[{"embeddable":true,"href":"https:\/\/zonaroja.com.mx\/index.php?rest_route=\/wp\/v2\/media\/18523"}],"wp:attachment":[{"href":"https:\/\/zonaroja.com.mx\/index.php?rest_route=%2Fwp%2Fv2%2Fmedia&parent=18522"}],"wp:term":[{"taxonomy":"category","embeddable":true,"href":"https:\/\/zonaroja.com.mx\/index.php?rest_route=%2Fwp%2Fv2%2Fcategories&post=18522"},{"taxonomy":"post_tag","embeddable":true,"href":"https:\/\/zonaroja.com.mx\/index.php?rest_route=%2Fwp%2Fv2%2Ftags&post=18522"}],"curies":[{"name":"wp","href":"https:\/\/api.w.org\/{rel}","templated":true}]}}