{"id":18527,"date":"2020-10-07T20:00:47","date_gmt":"2020-10-08T01:00:47","guid":{"rendered":"http:\/\/www.zonaroja.com.mx\/?p=18527"},"modified":"2020-10-07T20:00:50","modified_gmt":"2020-10-08T01:00:50","slug":"presidente-de-jucopo-del-congreso-de-oaxaca-pide-al-gobernador-atender-a-manifestantes","status":"publish","type":"post","link":"https:\/\/zonaroja.com.mx\/?p=18527","title":{"rendered":"Presidente de Jucopo del Congreso de Oaxaca pide al gobernador atender a manifestantes"},"content":{"rendered":"\n<p>Redacci\u00f3n\/Zona Roja.<\/p>\n\n\n\n<p>Oaxaca de Ju\u00e1rez, Oax., 7 de octubre de 2020.- El presidente de la Junta de Coordinaci\u00f3n Pol\u00edtica (Jucopo) del Congreso del Estado, Horacio Sosa Villavicencio, llam\u00f3 este mi\u00e9rcoles al gobernador Alejandro Murat Hinojosa a atender las demandas de diversas organizaciones sociales que desde el lunes pasado se manifiestan mediante bloqueos en diversos puntos de Oaxaca.<\/p>\n\n\n\n<p>\u201cEs necesario abrir el di\u00e1logo con las organizaciones y tomar en cuenta que las manifestaciones callejeras suelen ser el resultado del olvido gubernamental y por falta de atenci\u00f3n a las demandas m\u00e1s sentidas de las comunidades\u201d, consider\u00f3 el diputado local, al ser cuestionado sobre la legitimidad de las movilizaciones.<\/p>\n\n\n\n<p>Sostuvo que el Gobierno del Estado tiene la costumbre de enga\u00f1ar a las comunidades, estableciendo acuerdos para solucionar diversos conflictos, pero finalmente los representantes gubernamentales los incumplen, lo que genera mayor enojo entre las personas afectadas y ello deriva en movilizaciones como las que se observan desde el lunes.<\/p>\n\n\n\n<p>Advirti\u00f3 que adem\u00e1s de las demandas sociales, que son plenamente leg\u00edtimas y justas, existe la exigencia de justicia efectiva en diversos casos de ataques por motivos pol\u00edticos, que han derivado incluso en asesinatos contra activistas y personas defensoras de derechos humanos, lo que es inadmisible en un estado democr\u00e1tico.<\/p>\n\n\n\n<p>En ese sentido, record\u00f3 el asesinato de Tom\u00e1s Mart\u00ednez Pinacho, dirigente del Frente Popular Revolucionario en Miahuatl\u00e1n, cometido el 24 de agosto, que se sum\u00f3 a una larga lista de homicidios contra activistas sociales y pol\u00edticos que no han sido esclarecidos, incluidos diversos atentados contra participantes en el Movimiento Regeneraci\u00f3n Nacional.<\/p>\n\n\n\n<p>Finalmente, reiter\u00f3 su llamado al gobernador para buscar una soluci\u00f3n satisfactoria a las demandas sociales que sean leg\u00edtimas y justas.<\/p>\n\n\n\n<p>Desde el lunes mantienen diversos bloqueos en la ciudad y el interior del estado, la Alianza de Pueblos Ind\u00edgenas, la Asamblea de Pueblos en Defensa del Territorio, la Educaci\u00f3n P\u00fablica Gratuita y los Derechos Humanos, el Comit\u00e9 de Defensa de los Derechos Ind\u00edgenas (Codedi) y el Comit\u00e9 de Defensa de los Derechos del Pueblo (Codep), entre otras agrupaciones.<\/p>\n","protected":false},"excerpt":{"rendered":"<p>Redacci\u00f3n\/Zona Roja. Oaxaca de Ju\u00e1rez, Oax., 7 de octubre de 2020.- El presidente de la&hellip;<\/p>\n","protected":false},"author":2,"featured_media":18528,"comment_status":"closed","ping_status":"open","sticky":false,"template":"","format":"standard","meta":{"_lmt_disableupdate":"","_lmt_disable":"","_jetpack_memberships_contains_paid_content":false,"footnotes":""},"categories":[109,46],"tags":[444],"class_list":["post-18527","post","type-post","status-publish","format-standard","has-post-thumbnail","hentry","category-minuto-a-minuto","category-zona-blanca","tag-horacio-sosa-villavicencio"],"jetpack_featured_media_url":"https:\/\/zonaroja.com.mx\/wp-content\/uploads\/2020\/10\/FOTO-3-Diputado-Horacio-Sosa-Villavicencio-presidente-de-la-Junta-de-Coordinacion-Politica-del-Congreso-del-Estado.jpg","jetpack_sharing_enabled":true,"_links":{"self":[{"href":"https:\/\/zonaroja.com.mx\/index.php?rest_route=\/wp\/v2\/posts\/18527","targetHints":{"allow":["GET"]}}],"collection":[{"href":"https:\/\/zonaroja.com.mx\/index.php?rest_route=\/wp\/v2\/posts"}],"about":[{"href":"https:\/\/zonaroja.com.mx\/index.php?rest_route=\/wp\/v2\/types\/post"}],"author":[{"embeddable":true,"href":"https:\/\/zonaroja.com.mx\/index.php?rest_route=\/wp\/v2\/users\/2"}],"replies":[{"embeddable":true,"href":"https:\/\/zonaroja.com.mx\/index.php?rest_route=%2Fwp%2Fv2%2Fcomments&post=18527"}],"version-history":[{"count":1,"href":"https:\/\/zonaroja.com.mx\/index.php?rest_route=\/wp\/v2\/posts\/18527\/revisions"}],"predecessor-version":[{"id":18529,"href":"https:\/\/zonaroja.com.mx\/index.php?rest_route=\/wp\/v2\/posts\/18527\/revisions\/18529"}],"wp:featuredmedia":[{"embeddable":true,"href":"https:\/\/zonaroja.com.mx\/index.php?rest_route=\/wp\/v2\/media\/18528"}],"wp:attachment":[{"href":"https:\/\/zonaroja.com.mx\/index.php?rest_route=%2Fwp%2Fv2%2Fmedia&parent=18527"}],"wp:term":[{"taxonomy":"category","embeddable":true,"href":"https:\/\/zonaroja.com.mx\/index.php?rest_route=%2Fwp%2Fv2%2Fcategories&post=18527"},{"taxonomy":"post_tag","embeddable":true,"href":"https:\/\/zonaroja.com.mx\/index.php?rest_route=%2Fwp%2Fv2%2Ftags&post=18527"}],"curies":[{"name":"wp","href":"https:\/\/api.w.org\/{rel}","templated":true}]}}