{"id":1853,"date":"2019-06-26T11:11:42","date_gmt":"2019-06-26T16:11:42","guid":{"rendered":"http:\/\/www.zonaroja.com.mx\/?p=1853"},"modified":"2019-06-26T11:13:25","modified_gmt":"2019-06-26T16:13:25","slug":"circulos-de-lectura-para-fomentar-la-equidad-de-genero-en-la-uabjo","status":"publish","type":"post","link":"https:\/\/zonaroja.com.mx\/?p=1853","title":{"rendered":"C\u00edrculos de lectura para fomentar la equidad de g\u00e9nero en la UABJO"},"content":{"rendered":"\n<p>Evlin Arag\u00f3n<\/p>\n\n\n\n<p>Oaxaca de\nJu\u00e1rez, Oax., 26 de junio de 2019.- El \u00faltimo jueves de cada mes, la Direcci\u00f3n\nde Equidad de G\u00e9nero de la Universidad Aut\u00f3noma \u201cBenito Ju\u00e1rez\u201d de Oaxaca\nimplementa el programa denominado C\u00edrculos de Lectura \u201cCarmen Cordero\nAvenda\u00f1o\u201d, con la intenci\u00f3n de promover e impulsar la perspectiva de g\u00e9nero al\ninterior de la instituci\u00f3n.<\/p>\n\n\n\n<p>La actividad\ninici\u00f3 en mayo pasado y se extender\u00e1 hasta el mes de noviembre, por lo que ma\u00f1ana\njueves 27 de junio se realizar\u00e1 la segunda lectura feminista, con el objetivo\nde reflexionar en torno a la equidad e igualdad de g\u00e9nero entre la comunidad\nestudiantil universitaria.<\/p>\n\n\n\n<p>De acuerdo\ncon la titular de la DIEG, Niz Yamille G\u00f3mez Hern\u00e1ndez, metodol\u00f3gicamente los\nc\u00edrculos de lectura permiten de forma inmediata la reflexi\u00f3n colectiva de temas\nespec\u00edficos y a largo plazo la consolidaci\u00f3n de cambios en el pensamiento de\nquienes participan en estos procesos.<\/p>\n\n\n\n<p>Los c\u00edrculos\nest\u00e1n dirigidos a mujeres y hombres que forman parte de la comunidad\nuniversitaria, aunque no se excluya a aquellas personas que quieran integrarse,\nquienes participar\u00e1n en grupos separados coordinados por personal especializado\nen temas de equidad de g\u00e9nero.<\/p>\n\n\n\n<p>Lo anterior,\npara discutir temas como: historia del feminismo, identidades femeninas,\ng\u00e9nero, cuerpo y diversidad sexual, violencia de g\u00e9nero, amor rom\u00e1ntico vs amor\nigualitario, sororidad y autocuidado; movimientos de hombres e identidad\nmasculina, educaci\u00f3n emocional, relaciones interpersonales y de pareja,\nresoluci\u00f3n pac\u00edfica de conflictos, acoso y hostigamiento sexual.<\/p>\n\n\n\n<p>En esta\nprimera emisi\u00f3n, el programa lleva por nombre \u201cCarmen Cordero Avenda\u00f1o\u201d a fin\nde reconocer la labor de esta extraordinaria abogada oaxaque\u00f1a que demostr\u00f3 su\ncapacidad de percibir la necesidad de ayudar a las personas a trav\u00e9s de una\ndefensor\u00eda gratuita.<\/p>\n\n\n\n<p>Para mayores\ninformes e inscripciones las personas interesadas pueden acudir a las oficinas\nde la DIEG ubicadas en el primer nivel del Edificio \u201cA\u201d de Rector\u00eda en Ciudad\nUniversitaria, a trav\u00e9s de los tel\u00e9fonos 502 0700 ext. 20125 o al 9511171158,\nas\u00ed mismo en las redes sociales @DUabjo en Twitter, y Dieg Uabjo en Facebook.<\/p>\n","protected":false},"excerpt":{"rendered":"<p>Evlin Arag\u00f3n Oaxaca de Ju\u00e1rez, Oax., 26 de junio de 2019.- El \u00faltimo jueves de&hellip;<\/p>\n","protected":false},"author":2,"featured_media":1854,"comment_status":"closed","ping_status":"open","sticky":false,"template":"","format":"standard","meta":{"_lmt_disableupdate":"","_lmt_disable":"","_jetpack_memberships_contains_paid_content":false,"footnotes":""},"categories":[109,46],"tags":[58,239],"class_list":["post-1853","post","type-post","status-publish","format-standard","has-post-thumbnail","hentry","category-minuto-a-minuto","category-zona-blanca","tag-oaxaca","tag-uabjo"],"jetpack_featured_media_url":"https:\/\/zonaroja.com.mx\/wp-content\/uploads\/2019\/06\/90287fd9-6975-44b2-b69e-c939f6356620.jpg","jetpack_sharing_enabled":true,"_links":{"self":[{"href":"https:\/\/zonaroja.com.mx\/index.php?rest_route=\/wp\/v2\/posts\/1853","targetHints":{"allow":["GET"]}}],"collection":[{"href":"https:\/\/zonaroja.com.mx\/index.php?rest_route=\/wp\/v2\/posts"}],"about":[{"href":"https:\/\/zonaroja.com.mx\/index.php?rest_route=\/wp\/v2\/types\/post"}],"author":[{"embeddable":true,"href":"https:\/\/zonaroja.com.mx\/index.php?rest_route=\/wp\/v2\/users\/2"}],"replies":[{"embeddable":true,"href":"https:\/\/zonaroja.com.mx\/index.php?rest_route=%2Fwp%2Fv2%2Fcomments&post=1853"}],"version-history":[{"count":1,"href":"https:\/\/zonaroja.com.mx\/index.php?rest_route=\/wp\/v2\/posts\/1853\/revisions"}],"predecessor-version":[{"id":1855,"href":"https:\/\/zonaroja.com.mx\/index.php?rest_route=\/wp\/v2\/posts\/1853\/revisions\/1855"}],"wp:featuredmedia":[{"embeddable":true,"href":"https:\/\/zonaroja.com.mx\/index.php?rest_route=\/wp\/v2\/media\/1854"}],"wp:attachment":[{"href":"https:\/\/zonaroja.com.mx\/index.php?rest_route=%2Fwp%2Fv2%2Fmedia&parent=1853"}],"wp:term":[{"taxonomy":"category","embeddable":true,"href":"https:\/\/zonaroja.com.mx\/index.php?rest_route=%2Fwp%2Fv2%2Fcategories&post=1853"},{"taxonomy":"post_tag","embeddable":true,"href":"https:\/\/zonaroja.com.mx\/index.php?rest_route=%2Fwp%2Fv2%2Ftags&post=1853"}],"curies":[{"name":"wp","href":"https:\/\/api.w.org\/{rel}","templated":true}]}}