{"id":18530,"date":"2020-10-07T21:30:05","date_gmt":"2020-10-08T02:30:05","guid":{"rendered":"http:\/\/www.zonaroja.com.mx\/?p=18530"},"modified":"2020-10-07T21:30:08","modified_gmt":"2020-10-08T02:30:08","slug":"piden-investigar-captura-de-perro-callejero-con-uso-excesivo-de-fuerza-en-xoxocotlan","status":"publish","type":"post","link":"https:\/\/zonaroja.com.mx\/?p=18530","title":{"rendered":"Piden investigar captura de perro callejero con uso excesivo de fuerza en Xoxocotl\u00e1n"},"content":{"rendered":"\n<p>Evlin Arag\u00f3n\/Zona Roja.<\/p>\n\n\n\n<p>Oaxaca de Ju\u00e1rez, Oax., 7 de octubre de 2020.- La imagen de un perro amarrado por el cuello y sometido con excesivo uso de la fuerza primero por dos trabajadores de Protecci\u00f3n Civil del municipio de Santa Cruz Xoxocotl\u00e1n, cifra que luego increment\u00f3 a cinco, qued\u00f3 registrada en un video que se difundido a trav\u00e9s de las redes sociales.&nbsp;<\/p>\n\n\n\n<p>Los hechos que se registraron en el fraccionamiento Rinconada Villas Xoxo, causaron indignaci\u00f3n entre la poblaci\u00f3n debido a la gran movilizaci\u00f3n de elementos de Protecci\u00f3n Civil y Bomberos que se gener\u00f3, sin que quedara claro si hab\u00edan respondido al llamado de alguna persona, o se trat\u00f3 de un acto irregular.&nbsp;<\/p>\n\n\n\n<p>Mediante un breve comunicado, habitantes de la zona solicitaron al presidente municipal, Alejandro L\u00f3pez Jarqu\u00edn, el esclarecimiento de los hechos, de forma particular el actuar de los empleados del municipio, que a simple vista pareciera tr\u00e1fico de influencia, abuso de autoridad, usurpaci\u00f3n de funciones, entre otras.<\/p>\n\n\n\n<p>Y es que &#8211;explicaron&#8211; no es com\u00fan que elementos de dos importantes corporaciones se movilicen de forma coordinada para la captura de un perro callejero que no se estaba comportando agresivo y aun as\u00ed fue sometido con el uso excesivo de la fuerza.<\/p>\n\n\n\n<figure class=\"wp-block-embed-twitter wp-block-embed is-type-rich is-provider-twitter\"><div class=\"wp-block-embed__wrapper\">\n<div class=\"twitter-tweet\"><blockquote class=\"twitter-tweet\" data-lang=\"es\"><p lang=\"es\" dir=\"ltr\">\ud83d\ude21\ud83d\ude21\ud83d\ude21<br>Vecinos denuncian que, sin raz\u00f3n, con excesivo uso de fuerza, Protecci\u00f3n Civil y Bomberos de Santa Cruz Xoxocotl\u00e1n capturaron a un perro callejero; el animal no representaba peligro ni agred\u00eda a la gente, se\u00f1alan. <a href=\"https:\/\/t.co\/bFYo4QO9R9\">pic.twitter.com\/bFYo4QO9R9<\/a><\/p>&mdash; Zona Roja Oaxaca (@MexRoja) <a href=\"https:\/\/twitter.com\/MexRoja\/status\/1314027343824986112?ref_src=twsrc%5Etfw\">8 de octubre de 2020<\/a><\/blockquote><\/div>\n<\/div><\/figure>\n\n\n\n<p>\u201cEs importante saber de d\u00f3nde provino la solicitud, qu\u00e9 autoridad dio la orden, que instancia la ejecut\u00f3 y bajo que premias. Exigimos informen sobre las condiciones y situaci\u00f3n actual del perro que fue sometido y capturado, toda vez que \u00e9ste en ning\u00fan momento se muestra agresivo\u201d, refirieron.&nbsp;<\/p>\n\n\n\n<p>En este sentido, explicaron que es necesario conocer si dentro de las obligaciones de las \u00e1reas de Protecci\u00f3n Civil y Bomberos se encuentra el capturar a un perro callejero, cuya presencia s\u00f3lo incomoda a unos cuantos, o por el contrario su deber es proteger, rescatar y procurar el bienestar de la ciudadan\u00eda y los animales de compa\u00f1\u00eda<\/p>\n\n\n\n<p>Por ello, insistieron en la solicitud a la autoridad municipal para que aclare la situaci\u00f3n y explique el paradero del animal que esperan se encuentre en buenas condiciones toda vez que el maltrato animal es un delito en Oaxaca, desde el 2015.&nbsp;<\/p>\n","protected":false},"excerpt":{"rendered":"<p>Evlin Arag\u00f3n\/Zona Roja. Oaxaca de Ju\u00e1rez, Oax., 7 de octubre de 2020.- La imagen de&hellip;<\/p>\n","protected":false},"author":2,"featured_media":18531,"comment_status":"closed","ping_status":"open","sticky":false,"template":"","format":"standard","meta":{"_lmt_disableupdate":"","_lmt_disable":"","_jetpack_memberships_contains_paid_content":false,"footnotes":""},"categories":[109,47],"tags":[869,133],"class_list":["post-18530","post","type-post","status-publish","format-standard","has-post-thumbnail","hentry","category-minuto-a-minuto","category-zona-gris","tag-maltrato-animal-oaxaca","tag-santa-cruz-xoxocotlan"],"jetpack_featured_media_url":"https:\/\/zonaroja.com.mx\/wp-content\/uploads\/2020\/10\/Perro-Xoxocotlan.jpg","jetpack_sharing_enabled":true,"_links":{"self":[{"href":"https:\/\/zonaroja.com.mx\/index.php?rest_route=\/wp\/v2\/posts\/18530","targetHints":{"allow":["GET"]}}],"collection":[{"href":"https:\/\/zonaroja.com.mx\/index.php?rest_route=\/wp\/v2\/posts"}],"about":[{"href":"https:\/\/zonaroja.com.mx\/index.php?rest_route=\/wp\/v2\/types\/post"}],"author":[{"embeddable":true,"href":"https:\/\/zonaroja.com.mx\/index.php?rest_route=\/wp\/v2\/users\/2"}],"replies":[{"embeddable":true,"href":"https:\/\/zonaroja.com.mx\/index.php?rest_route=%2Fwp%2Fv2%2Fcomments&post=18530"}],"version-history":[{"count":1,"href":"https:\/\/zonaroja.com.mx\/index.php?rest_route=\/wp\/v2\/posts\/18530\/revisions"}],"predecessor-version":[{"id":18532,"href":"https:\/\/zonaroja.com.mx\/index.php?rest_route=\/wp\/v2\/posts\/18530\/revisions\/18532"}],"wp:featuredmedia":[{"embeddable":true,"href":"https:\/\/zonaroja.com.mx\/index.php?rest_route=\/wp\/v2\/media\/18531"}],"wp:attachment":[{"href":"https:\/\/zonaroja.com.mx\/index.php?rest_route=%2Fwp%2Fv2%2Fmedia&parent=18530"}],"wp:term":[{"taxonomy":"category","embeddable":true,"href":"https:\/\/zonaroja.com.mx\/index.php?rest_route=%2Fwp%2Fv2%2Fcategories&post=18530"},{"taxonomy":"post_tag","embeddable":true,"href":"https:\/\/zonaroja.com.mx\/index.php?rest_route=%2Fwp%2Fv2%2Ftags&post=18530"}],"curies":[{"name":"wp","href":"https:\/\/api.w.org\/{rel}","templated":true}]}}