{"id":18533,"date":"2020-10-07T22:25:09","date_gmt":"2020-10-08T03:25:09","guid":{"rendered":"http:\/\/www.zonaroja.com.mx\/?p=18533"},"modified":"2020-10-07T22:25:13","modified_gmt":"2020-10-08T03:25:13","slug":"presentan-queja-ante-derechos-humanos-contra-edil-de-oaxaca-capital","status":"publish","type":"post","link":"https:\/\/zonaroja.com.mx\/?p=18533","title":{"rendered":"Presentan queja ante Derechos Humanos contra edil de Oaxaca capital"},"content":{"rendered":"\n<p>Redacci\u00f3n\/Zona Roja.<\/p>\n\n\n\n<p>Oaxaca de Ju\u00e1rez, Oax., 7 de octubre de 2020.- Vecinos de la zona sur del Centro Hist\u00f3rico de la ciudad de Oaxaca presentaron una queja en la Defensor\u00eda de los Derechos Humanos del Pueblo de Oaxaca, en contra del presidente municipal de la capital, Oswaldo Garc\u00eda Jarqu\u00edn.<\/p>\n\n\n\n<p>Lo anterior, ante lo que consideraron indolencia por parte del presidente municipal de Oaxaca de Ju\u00e1rez y su incapacidad pada dar respuestas a las demandas de la ciudadan\u00eda, como son seguridad, alumbrado, pavimentaci\u00f3n y bacheo, as\u00ed como el reordenamiento del ambulantaje en la zona.<\/p>\n\n\n\n<p>El pasado 29 de septiembre, los habitantes de dicha parte de la capital, encabezados por Jorge Gonz\u00e1lez Ilescas denunciaron las graves afectaciones en el asentamiento, ubicado a unas cuatro cuadras del z\u00f3calo, y este mi\u00e9rcoles presentaron formal queja ante la Defensor\u00eda.<\/p>\n\n\n\n<p>Hace dos semanas, durante un recorrido por las diferentes calles, se pudo notar el deterioro de la cinta asf\u00e1ltica adem\u00e1s de que los habitantes de esta zona, denunciaron el ejercicio de la prostituci\u00f3n en la v\u00eda p\u00fablica durante el d\u00eda y gran parte de la noche, ejercida tanto por mujeres como hombres, que han ocupado diferentes calles del centro Hist\u00f3rico.<\/p>\n\n\n\n<p>Gonz\u00e1lez Ilescas denunci\u00f3 que en diferentes ocasiones habitantes de la zona sur de la capital han buscado la interlocuci\u00f3n con el presidente municipal y miembros de&nbsp; su Cabildo a fin de que se atiendan sus demandas en los diferentes rubros.<\/p>\n\n\n\n<p>Expuso que es violatorio de los derechos ciudadanos el estado que guardan las calles, mismas que se han vuelto intransitables ante el deterioro en que se encuentra la cinta asf\u00e1ltica y no hay quien responda respecto a los da\u00f1os que sufren a diario los veh\u00edculos.<\/p>\n\n\n\n<p>Sostuvo que con esta queja ante la Defensor\u00eda de Derechos Humanos del Pueblo de Oaxaca, se busca sentar precedente y obligar a la autoridad municipal a cumplir con sus responsabilidades.<\/p>\n","protected":false},"excerpt":{"rendered":"<p>Redacci\u00f3n\/Zona Roja. Oaxaca de Ju\u00e1rez, Oax., 7 de octubre de 2020.- Vecinos de la zona&hellip;<\/p>\n","protected":false},"author":2,"featured_media":18534,"comment_status":"closed","ping_status":"open","sticky":false,"template":"","format":"standard","meta":{"_lmt_disableupdate":"","_lmt_disable":"","_jetpack_memberships_contains_paid_content":false,"footnotes":""},"categories":[109,47],"tags":[115],"class_list":["post-18533","post","type-post","status-publish","format-standard","has-post-thumbnail","hentry","category-minuto-a-minuto","category-zona-gris","tag-oswaldo-garcia-jarquin"],"jetpack_featured_media_url":"https:\/\/zonaroja.com.mx\/wp-content\/uploads\/2020\/10\/Denuncia-DDHPO.jpg","jetpack_sharing_enabled":true,"_links":{"self":[{"href":"https:\/\/zonaroja.com.mx\/index.php?rest_route=\/wp\/v2\/posts\/18533","targetHints":{"allow":["GET"]}}],"collection":[{"href":"https:\/\/zonaroja.com.mx\/index.php?rest_route=\/wp\/v2\/posts"}],"about":[{"href":"https:\/\/zonaroja.com.mx\/index.php?rest_route=\/wp\/v2\/types\/post"}],"author":[{"embeddable":true,"href":"https:\/\/zonaroja.com.mx\/index.php?rest_route=\/wp\/v2\/users\/2"}],"replies":[{"embeddable":true,"href":"https:\/\/zonaroja.com.mx\/index.php?rest_route=%2Fwp%2Fv2%2Fcomments&post=18533"}],"version-history":[{"count":1,"href":"https:\/\/zonaroja.com.mx\/index.php?rest_route=\/wp\/v2\/posts\/18533\/revisions"}],"predecessor-version":[{"id":18535,"href":"https:\/\/zonaroja.com.mx\/index.php?rest_route=\/wp\/v2\/posts\/18533\/revisions\/18535"}],"wp:featuredmedia":[{"embeddable":true,"href":"https:\/\/zonaroja.com.mx\/index.php?rest_route=\/wp\/v2\/media\/18534"}],"wp:attachment":[{"href":"https:\/\/zonaroja.com.mx\/index.php?rest_route=%2Fwp%2Fv2%2Fmedia&parent=18533"}],"wp:term":[{"taxonomy":"category","embeddable":true,"href":"https:\/\/zonaroja.com.mx\/index.php?rest_route=%2Fwp%2Fv2%2Fcategories&post=18533"},{"taxonomy":"post_tag","embeddable":true,"href":"https:\/\/zonaroja.com.mx\/index.php?rest_route=%2Fwp%2Fv2%2Ftags&post=18533"}],"curies":[{"name":"wp","href":"https:\/\/api.w.org\/{rel}","templated":true}]}}