{"id":18550,"date":"2020-10-08T08:55:11","date_gmt":"2020-10-08T13:55:11","guid":{"rendered":"http:\/\/www.zonaroja.com.mx\/?p=18550"},"modified":"2020-10-08T08:55:14","modified_gmt":"2020-10-08T13:55:14","slug":"conmemoran-autonomia-de-la-uabjo-fue-un-triunfo-del-movimiento-estudiantil","status":"publish","type":"post","link":"https:\/\/zonaroja.com.mx\/?p=18550","title":{"rendered":"Conmemoran autonom\u00eda de la UABJO; fue un triunfo del movimiento estudiantil"},"content":{"rendered":"\n<p>Evlin Arag\u00f3n\/Zona Roja.<\/p>\n\n\n\n<p>Oaxaca de Ju\u00e1rez, Oax., 8 de octubre de 2020.- El rector de la Universidad Aut\u00f3noma \u201cBenito Ju\u00e1rez\u201d de Oaxaca, Eduardo Bautista Mart\u00ednez, asegur\u00f3 que la autonom\u00eda de la m\u00e1xima casa de estudios permite al interior una pluralidad de ideas, el pensamiento cr\u00edtico y la libre determinaci\u00f3n de las comunidades.<\/p>\n\n\n\n<p>Lo anterior en el marco del foro virtual denominado \u201c49 Aniversario del decreto de la autonom\u00eda de la UABJO\u201d, en el que tambi\u00e9n participaron Francisco Jos\u00e9 Ru\u00edz Cervantes, director del Instituto de Investigaciones en Humanidades; V\u00edctor Ra\u00fal Mart\u00ednez V\u00e1squez, investigador; y Ra\u00fal Castellanos Hern\u00e1ndez, quien presidi\u00f3 la Federaci\u00f3n Estudiantil Oaxaque\u00f1a en 1971.<\/p>\n\n\n\n<p>\u201cLa autonom\u00eda se va reconstruyendo todos los d\u00edas y va adquiriendo una diversidad de sentidos en funci\u00f3n de los momentos y de las circunstancias particulares de cada \u00e9poca\u201d, dijo el rector.<\/p>\n\n\n\n<figure class=\"wp-block-embed-twitter wp-block-embed is-type-rich is-provider-twitter\"><div class=\"wp-block-embed__wrapper\">\n<div class=\"twitter-tweet\"><blockquote class=\"twitter-tweet\" data-lang=\"es\"><p lang=\"es\" dir=\"ltr\">(1) Este mi\u00e9rcoles, la <a href=\"https:\/\/twitter.com\/UABJO?ref_src=twsrc%5Etfw\">@UABJO<\/a> conmemor\u00f3 el 49 aniversario del decreto de la autonom\u00eda de la instituci\u00f3n, con la participaci\u00f3n de destacados ponentes, como V\u00edctor Ra\u00fal Mart\u00ednez V\u00e1squez y Francisco Jos\u00e9 Ruiz Cervantes. <a href=\"https:\/\/t.co\/k6bEZi9WXp\">pic.twitter.com\/k6bEZi9WXp<\/a><\/p>&mdash; Zona Roja Oaxaca (@MexRoja) <a href=\"https:\/\/twitter.com\/MexRoja\/status\/1314037677415514112?ref_src=twsrc%5Etfw\">8 de octubre de 2020<\/a><\/blockquote><\/div>\n<\/div><\/figure>\n\n\n\n<p>Celebr\u00f3 que una fecha tan emblem\u00e1tica como lo es el 9 de octubre, en la que se conmemora el decreto de la autonom\u00eda de la UABJO, se haya logrado gracias a la participaci\u00f3n activa de la comunidad universitaria, en un contexto de cambios sociales en todo el mundo.&nbsp;<\/p>\n\n\n\n<p>Reiter\u00f3 que la autonom\u00eda vigente hace de la universidad oaxaque\u00f1a un referente en la educaci\u00f3n de j\u00f3venes que van transformado la historia de la entidad, por lo que dijo es indispensable reafirmar d\u00eda a d\u00eda el compromiso de la instituci\u00f3n como una casa abierta y plural.&nbsp;<\/p>\n\n\n\n<p>Por su parte, el investigador V\u00edctor Ra\u00fal Mart\u00ednez V\u00e1squez destac\u00f3 que la autonom\u00eda es fundamental en las instancias encargadas de generar conocimientos y transmitirlos, entendida esta como la atribuci\u00f3n de mantener un sistema de gobierno interno, con leyes y normas espec\u00edficas tanto a nivel acad\u00e9mico, laboral, administrativo y financiero.&nbsp;<\/p>\n\n\n\n<p>De acuerdo con el especialista, la autonom\u00eda de las universidades es el resultado de la lucha estudiantil, ya que fueron los movimientos impulsados por la juventud que reclamaba participar en los sistemas de gobierno interno y formar parte de la toma de decisiones, que en Oaxaca se consolid\u00f3 en 1931 en el Instituto de Ciencias y Artes.\u00a0<\/p>\n\n\n\n<figure class=\"wp-block-embed-twitter wp-block-embed is-type-rich is-provider-twitter\"><div class=\"wp-block-embed__wrapper\">\n<div class=\"twitter-tweet\"><blockquote class=\"twitter-tweet\" data-lang=\"es\"><p lang=\"es\" dir=\"ltr\">(2) Tom\u00f3 parte tambi\u00e9n el rector de la Universidad, <a href=\"https:\/\/twitter.com\/Bautistaeduardo?ref_src=twsrc%5Etfw\">@Bautistaeduardo<\/a>, quien detall\u00f3 el contexto internacional de las universidades y las ideas libertarias que permeaban hace medio siglo.<br><br>Aqu\u00ed el enlace de la conversaci\u00f3n:<a href=\"https:\/\/t.co\/6cSwvwnVrg\">https:\/\/t.co\/6cSwvwnVrg<\/a> <a href=\"https:\/\/t.co\/SbfXOThQ2Q\">pic.twitter.com\/SbfXOThQ2Q<\/a><\/p>&mdash; Zona Roja Oaxaca (@MexRoja) <a href=\"https:\/\/twitter.com\/MexRoja\/status\/1314038677887094785?ref_src=twsrc%5Etfw\">8 de octubre de 2020<\/a><\/blockquote><\/div>\n<\/div><\/figure>\n\n\n\n<p>Record\u00f3 que de primera cuenta la autonom\u00eda fue parcial, ya que hab\u00eda intervenci\u00f3n por parte del gobierno, y no fue hasta hace 49 a\u00f1os que se consolida en su totalidad, tal y como se conoce en estos momentos al interior de la UABJO.<\/p>\n\n\n\n<p>Por su parte Ra\u00fal Castellanos Hern\u00e1ndez, record\u00f3 que la d\u00e9cada de los sesenta trascendi\u00f3 por la participaci\u00f3n activa de la comunidad estudiantil, misma que era el reflejo de los grandes cambios sociales que se gestaban en todo el mundo y que cambiaron el rumbo de la humanidad.&nbsp;<\/p>\n\n\n\n<p>En Oaxaca no fue la excepci\u00f3n ya que se registraron movilizaciones importantes en respaldo a lo que suced\u00eda en la Ciudad de M\u00e9xico, situaci\u00f3n que permiti\u00f3 que la UABJO entrara en una segunda etapa en la que consolida su autonom\u00eda absoluta que se conmemora este 9 de octubre.&nbsp;<\/p>\n","protected":false},"excerpt":{"rendered":"<p>Evlin Arag\u00f3n\/Zona Roja. Oaxaca de Ju\u00e1rez, Oax., 8 de octubre de 2020.- El rector de&hellip;<\/p>\n","protected":false},"author":2,"featured_media":18551,"comment_status":"closed","ping_status":"open","sticky":false,"template":"","format":"standard","meta":{"_lmt_disableupdate":"","_lmt_disable":"","_jetpack_memberships_contains_paid_content":false,"footnotes":""},"categories":[109,46],"tags":[360,282],"class_list":["post-18550","post","type-post","status-publish","format-standard","has-post-thumbnail","hentry","category-minuto-a-minuto","category-zona-blanca","tag-rector-eduardo-bautista-martinez","tag-universidad-autonoma-benito-juarez-de-oaxaca"],"jetpack_featured_media_url":"https:\/\/zonaroja.com.mx\/wp-content\/uploads\/2020\/10\/Rector-aniversario-UABJO.jpg","jetpack_sharing_enabled":true,"_links":{"self":[{"href":"https:\/\/zonaroja.com.mx\/index.php?rest_route=\/wp\/v2\/posts\/18550","targetHints":{"allow":["GET"]}}],"collection":[{"href":"https:\/\/zonaroja.com.mx\/index.php?rest_route=\/wp\/v2\/posts"}],"about":[{"href":"https:\/\/zonaroja.com.mx\/index.php?rest_route=\/wp\/v2\/types\/post"}],"author":[{"embeddable":true,"href":"https:\/\/zonaroja.com.mx\/index.php?rest_route=\/wp\/v2\/users\/2"}],"replies":[{"embeddable":true,"href":"https:\/\/zonaroja.com.mx\/index.php?rest_route=%2Fwp%2Fv2%2Fcomments&post=18550"}],"version-history":[{"count":1,"href":"https:\/\/zonaroja.com.mx\/index.php?rest_route=\/wp\/v2\/posts\/18550\/revisions"}],"predecessor-version":[{"id":18552,"href":"https:\/\/zonaroja.com.mx\/index.php?rest_route=\/wp\/v2\/posts\/18550\/revisions\/18552"}],"wp:featuredmedia":[{"embeddable":true,"href":"https:\/\/zonaroja.com.mx\/index.php?rest_route=\/wp\/v2\/media\/18551"}],"wp:attachment":[{"href":"https:\/\/zonaroja.com.mx\/index.php?rest_route=%2Fwp%2Fv2%2Fmedia&parent=18550"}],"wp:term":[{"taxonomy":"category","embeddable":true,"href":"https:\/\/zonaroja.com.mx\/index.php?rest_route=%2Fwp%2Fv2%2Fcategories&post=18550"},{"taxonomy":"post_tag","embeddable":true,"href":"https:\/\/zonaroja.com.mx\/index.php?rest_route=%2Fwp%2Fv2%2Ftags&post=18550"}],"curies":[{"name":"wp","href":"https:\/\/api.w.org\/{rel}","templated":true}]}}