{"id":18557,"date":"2020-10-08T14:09:25","date_gmt":"2020-10-08T19:09:25","guid":{"rendered":"https:\/\/www.zonaroja.com.mx\/?p=18557"},"modified":"2020-10-08T14:11:57","modified_gmt":"2020-10-08T19:11:57","slug":"mueren-dos-varones-en-xoxocotlan-por-trabajos-de-desazolve-de-drenaje","status":"publish","type":"post","link":"https:\/\/zonaroja.com.mx\/?p=18557","title":{"rendered":"Mueren dos varones en Xoxocotl\u00e1n por trabajos de desazolve de drenaje"},"content":{"rendered":"\n<p class=\"MsoNormal\">Redacci\u00f3n\/Zona Roja.<\/p>\n\n\n\n<p class=\"MsoNormal\">Oaxaca de Ju\u00e1rez, Oax., 8 de octubre de 2020.- Dos trabajadores que realizaban labores para desazolvar un pozo de drenaje en el municipio de Santa Cruz Xoxocotl\u00e1n, fallecieron la tarde de <a href=\"\/\/1\">este jueves<\/a>.<\/p>\n\n\n\n<p class=\"MsoNormal\">El reporte preliminar indic\u00f3 que uno de los varones falleci\u00f3 al interior del pozo ante una posible intoxicaci\u00f3n por los fuertes gases f\u00e9tidos que despide el drenaje ubicado, en la colonia San Isidro, calle Camino al Potrero, esquina con calle Fernando Montes de Oca.<\/p>\n\n\n\n<p class=\"MsoNormal\">Otro de los trabajadores, que result\u00f3 con da\u00f1os graves, falleci\u00f3 a bordo de la unidad de emergencia mientras era trasladado para su atenci\u00f3n m\u00e9dica.<\/p>\n\n\n\n<p class=\"MsoNormal\">El reporte del accidente se registr\u00f3 a trav\u00e9s de un llamado al 911, por lo que param\u00e9dicos de la Subestaci\u00f3n Sur y el Heroico Cuerpo de Bomberos se trasladaron al lugar para realizar el rescate en el espacio confinado de al menos cinco metros de profundidad. <\/p>\n\n\n\n<p class=\"MsoNormal\">Al lugar de los hechos tambi\u00e9n arribaron elementos de la Agencia Estatal de Investigaciones para realizar el levantamiento del cuerpo para las diligencias correspondientes.<\/p>\n\n\n\n<p>De \u00faltima hora se inform\u00f3 que las v\u00edctimas se llaman Daniel y Benjam\u00edn. <\/p>\n\n\n\n<p class=\"MsoNormal\">En tanto, en otro suceso similar, esta ma\u00f1ana se report\u00f3 la ca\u00edda de un menor de edad a un pozo en la agencia municipal de San Juan Chapultepec, en la capital del estado.<\/p>\n\n\n\n<p class=\"MsoNormal\">El menor fue rescatado con vida y trasladado de emergencia para su atenci\u00f3n m\u00e9dica.<\/p>\n","protected":false},"excerpt":{"rendered":"<p>Redacci\u00f3n\/Zona Roja. Oaxaca de Ju\u00e1rez, Oax., 8 de octubre de 2020.- Dos trabajadores que realizaban&hellip;<\/p>\n","protected":false},"author":2,"featured_media":18556,"comment_status":"closed","ping_status":"open","sticky":false,"template":"","format":"standard","meta":{"_lmt_disableupdate":"","_lmt_disable":"","_jetpack_memberships_contains_paid_content":false,"footnotes":""},"categories":[109,51],"tags":[133],"class_list":["post-18557","post","type-post","status-publish","format-standard","has-post-thumbnail","hentry","category-minuto-a-minuto","category-zona-roja","tag-santa-cruz-xoxocotlan"],"jetpack_featured_media_url":"https:\/\/zonaroja.com.mx\/wp-content\/uploads\/2020\/10\/be4bb477-7328-4a6a-94cd-df7896d49967.jpg","jetpack_sharing_enabled":true,"_links":{"self":[{"href":"https:\/\/zonaroja.com.mx\/index.php?rest_route=\/wp\/v2\/posts\/18557","targetHints":{"allow":["GET"]}}],"collection":[{"href":"https:\/\/zonaroja.com.mx\/index.php?rest_route=\/wp\/v2\/posts"}],"about":[{"href":"https:\/\/zonaroja.com.mx\/index.php?rest_route=\/wp\/v2\/types\/post"}],"author":[{"embeddable":true,"href":"https:\/\/zonaroja.com.mx\/index.php?rest_route=\/wp\/v2\/users\/2"}],"replies":[{"embeddable":true,"href":"https:\/\/zonaroja.com.mx\/index.php?rest_route=%2Fwp%2Fv2%2Fcomments&post=18557"}],"version-history":[{"count":2,"href":"https:\/\/zonaroja.com.mx\/index.php?rest_route=\/wp\/v2\/posts\/18557\/revisions"}],"predecessor-version":[{"id":18559,"href":"https:\/\/zonaroja.com.mx\/index.php?rest_route=\/wp\/v2\/posts\/18557\/revisions\/18559"}],"wp:featuredmedia":[{"embeddable":true,"href":"https:\/\/zonaroja.com.mx\/index.php?rest_route=\/wp\/v2\/media\/18556"}],"wp:attachment":[{"href":"https:\/\/zonaroja.com.mx\/index.php?rest_route=%2Fwp%2Fv2%2Fmedia&parent=18557"}],"wp:term":[{"taxonomy":"category","embeddable":true,"href":"https:\/\/zonaroja.com.mx\/index.php?rest_route=%2Fwp%2Fv2%2Fcategories&post=18557"},{"taxonomy":"post_tag","embeddable":true,"href":"https:\/\/zonaroja.com.mx\/index.php?rest_route=%2Fwp%2Fv2%2Ftags&post=18557"}],"curies":[{"name":"wp","href":"https:\/\/api.w.org\/{rel}","templated":true}]}}