{"id":1856,"date":"2019-06-26T18:02:41","date_gmt":"2019-06-26T23:02:41","guid":{"rendered":"http:\/\/www.zonaroja.com.mx\/?p=1856"},"modified":"2019-06-26T18:02:43","modified_gmt":"2019-06-26T23:02:43","slug":"viguera-refugio-de-delincuentes-y-sumido-en-la-violencia","status":"publish","type":"post","link":"https:\/\/zonaroja.com.mx\/?p=1856","title":{"rendered":"Viguera: refugio de delincuentes y sumido en la violencia"},"content":{"rendered":"\n<p>Redacci\u00f3n<\/p>\n\n\n\n<p>Oaxaca de\nJu\u00e1rez, Oax., 26 de junio de 2019.- La otrora tranquila comunidad de Trinidad\nde Viguera, est\u00e1 envuelta en la violencia. Y no son sus pobladores, en su\nmayor\u00eda gente de escasos recursos econ\u00f3micos. <\/p>\n\n\n\n<p>Se trata de\nbandas dedicadas al narcotr\u00e1fico, transportistas, grupos armados y sindicatos\nque han hecho de ese lugar su refugio, adem\u00e1s de almac\u00e9n de art\u00edculos robados o\ndeshuesaderos de veh\u00edculos. <\/p>\n\n\n\n<p>En los\n\u00faltimos dos a\u00f1os, ah\u00ed se han reportado asesinatos, cuerpos tirados, secuestros\ny extorsiones. El m\u00e1s reciente ejemplo, este martes, en que la Confederaci\u00f3n Aut\u00f3noma\nde Trabajadores y Empleados de M\u00e9xico (CATEM), que se atrincher\u00f3 ah\u00ed, donde\ntiene oficinas.<\/p>\n\n\n\n<p>Por ello,\neste mi\u00e9rcoles las autoridades auxiliares y los padres de familia decidieron\nsuspender clases en cinco planteles de esa agencia municipal, perteneciente a\nOaxaca de Ju\u00e1rez, con lo que resultaron afectados m\u00e1s de mil alumnos.<\/p>\n\n\n\n<p>Pero adem\u00e1s,\npiden a la Secretar\u00eda de Seguridad P\u00fablica que les brinde protecci\u00f3n y\nresguarde la paz, trastocada por diversos hechos violentos, entre ellos\nenfrentamientos. Tambi\u00e9n, determinaro no utilizar unidades de transporte\nafiliados a esa organizaci\u00f3n.<\/p>\n\n\n\n<p>POBLACI\u00d3N EN RIESGO<\/p>\n\n\n\n<figure class=\"wp-block-embed-twitter wp-block-embed is-type-rich is-provider-twitter\"><div class=\"wp-block-embed__wrapper\">\n<div class=\"twitter-tweet\"><blockquote class=\"twitter-tweet\" data-lang=\"es\"><p lang=\"es\" dir=\"ltr\"><a href=\"https:\/\/twitter.com\/hashtag\/OaxacaRojo?src=hash&amp;ref_src=twsrc%5Etfw\">#OaxacaRojo<\/a><br>Tras el enfrentamiento ayer entre el Sindicato \u201cLibertad\u201d y la CATEM, la autoridad auxiliar de la agencia de Trinidad de Viguera pide al <a href=\"https:\/\/twitter.com\/GobOax?ref_src=twsrc%5Etfw\">@GobOax<\/a> <a href=\"https:\/\/twitter.com\/SSP_GobOax?ref_src=twsrc%5Etfw\">@SSP_GobOax<\/a> mayor vigilancia y seguridad en la zona. Hasta el momento la <a href=\"https:\/\/twitter.com\/FISCALIA_GobOax?ref_src=twsrc%5Etfw\">@FISCALIA_GobOax<\/a> no ha informado de aprehensiones. <a href=\"https:\/\/t.co\/nh5vcG4gHj\">pic.twitter.com\/nh5vcG4gHj<\/a><\/p>&mdash; Zona Roja Oaxaca (@MexRoja) <a href=\"https:\/\/twitter.com\/MexRoja\/status\/1143924354734002176?ref_src=twsrc%5Etfw\">26 de junio de 2019<\/a><\/blockquote><\/div>\n<\/div><\/figure>\n\n\n\n<p>\u201cLo que\npedimos es la seguridad de quienes habitamos en la zona, ni\u00f1as, ni\u00f1os, personas\nadultas, todos los que aqu\u00ed vivimos y que ayer fuimos testigos de c\u00f3mo grupos\nde transportistas se encuentran armados, desconocemos si con alg\u00fan tipo de\npermiso, poniendo en riesgo a la poblaci\u00f3n\u201d manifestaron padres de familia de\nestudiantes en la demarcaci\u00f3n.<\/p>\n\n\n\n<p>Francisco\nHern\u00e1ndez Ben\u00edtez, agente municipal de Trinidad de Viguera, dio a conocer que\ndebido a la violencia registrada ayer, por lo menos tres escuelas p\u00fablicas y\ndos m\u00e1s privadas decidieron suspender clases este d\u00eda, debido al temor de que\nse repitieran los hechos.&nbsp; <\/p>\n\n\n\n<p>As\u00ed mismo\nanunci\u00f3 que, independientemente de las acciones que realicen las autoridades\nestatales para garantizar la seguridad, como parte de su Asamblea determinaron\nexpulsar el servicio de taxis for\u00e1neos de la demarcaci\u00f3n, a fin de evitar\nfuturos enfrentamientos.<\/p>\n\n\n\n<p>Dentro de\nsus acuerdos tambi\u00e9n determinaron dejar de alojar las oficinas de la\nConfederaci\u00f3n Aut\u00f3noma de Trabajadores y Empleados de M\u00e9xico (CATEM), que se\nencuentran ubicadas en la agencia municipal, debido a que representan un foco\nrojo en materia de inseguridad.<\/p>\n\n\n\n<p>Hern\u00e1ndez\nBen\u00edtez insisti\u00f3 en que han sido estos grupos los que han puesto en riesgo a la\npoblaci\u00f3n en varias ocasiones al sentirse due\u00f1os del servicio de transporte y\npelear por las rutas, sin siquiera estar respaldados de forma legal, a la par\nque reiter\u00f3 su demanda de seguridad en la zona.<\/p>\n\n\n\n<p>OLA\nDELICTIVA<\/p>\n\n\n\n<p>En septiembre\ndel a\u00f1o pasado, autoridades estatales y la Fiscal\u00eda General informaron en\nconferencia de la desarticulaci\u00f3n de una banda que usaba las siglas de C\u00e1rtel\nJalisco Nueva Generaci\u00f3n, y que se refugiaba en Viguera.<\/p>\n\n\n\n<p>En agosto de\nese a\u00f1o, secuestraron, torturaron y ejecutaron a un taxista, a quien tuvieron en\nun domicilio del paraje \u201cEl Guaje\u201d.<\/p>\n\n\n\n<p>Entre otros\ncasos, a finales de abril de este a\u00f1o un comando armado atac\u00f3 un taller en\nViguera, lo que dej\u00f3 cuatro personas asesinadas.<\/p>\n","protected":false},"excerpt":{"rendered":"<p>Redacci\u00f3n Oaxaca de Ju\u00e1rez, Oax., 26 de junio de 2019.- La otrora tranquila comunidad de&hellip;<\/p>\n","protected":false},"author":2,"featured_media":1857,"comment_status":"closed","ping_status":"open","sticky":false,"template":"","format":"standard","meta":{"_lmt_disableupdate":"","_lmt_disable":"","_jetpack_memberships_contains_paid_content":false,"footnotes":""},"categories":[51],"tags":[148,233,75],"class_list":["post-1856","post","type-post","status-publish","format-standard","has-post-thumbnail","hentry","category-zona-roja","tag-oaxaca-de-juarez","tag-trinidad-de-viguera","tag-violencia"],"jetpack_featured_media_url":"https:\/\/zonaroja.com.mx\/wp-content\/uploads\/2019\/06\/SSPO-4.jpg","jetpack_sharing_enabled":true,"_links":{"self":[{"href":"https:\/\/zonaroja.com.mx\/index.php?rest_route=\/wp\/v2\/posts\/1856","targetHints":{"allow":["GET"]}}],"collection":[{"href":"https:\/\/zonaroja.com.mx\/index.php?rest_route=\/wp\/v2\/posts"}],"about":[{"href":"https:\/\/zonaroja.com.mx\/index.php?rest_route=\/wp\/v2\/types\/post"}],"author":[{"embeddable":true,"href":"https:\/\/zonaroja.com.mx\/index.php?rest_route=\/wp\/v2\/users\/2"}],"replies":[{"embeddable":true,"href":"https:\/\/zonaroja.com.mx\/index.php?rest_route=%2Fwp%2Fv2%2Fcomments&post=1856"}],"version-history":[{"count":1,"href":"https:\/\/zonaroja.com.mx\/index.php?rest_route=\/wp\/v2\/posts\/1856\/revisions"}],"predecessor-version":[{"id":1858,"href":"https:\/\/zonaroja.com.mx\/index.php?rest_route=\/wp\/v2\/posts\/1856\/revisions\/1858"}],"wp:featuredmedia":[{"embeddable":true,"href":"https:\/\/zonaroja.com.mx\/index.php?rest_route=\/wp\/v2\/media\/1857"}],"wp:attachment":[{"href":"https:\/\/zonaroja.com.mx\/index.php?rest_route=%2Fwp%2Fv2%2Fmedia&parent=1856"}],"wp:term":[{"taxonomy":"category","embeddable":true,"href":"https:\/\/zonaroja.com.mx\/index.php?rest_route=%2Fwp%2Fv2%2Fcategories&post=1856"},{"taxonomy":"post_tag","embeddable":true,"href":"https:\/\/zonaroja.com.mx\/index.php?rest_route=%2Fwp%2Fv2%2Ftags&post=1856"}],"curies":[{"name":"wp","href":"https:\/\/api.w.org\/{rel}","templated":true}]}}