{"id":18561,"date":"2020-10-08T16:11:55","date_gmt":"2020-10-08T21:11:55","guid":{"rendered":"http:\/\/www.zonaroja.com.mx\/?p=18561"},"modified":"2020-10-08T16:13:04","modified_gmt":"2020-10-08T21:13:04","slug":"registra-oaxaca-hoy-un-asesinato-en-la-costa-y-ataque-armado-en-la-cuenca","status":"publish","type":"post","link":"https:\/\/zonaroja.com.mx\/?p=18561","title":{"rendered":"Registra Oaxaca hoy un asesinato en la Costa y ataque armado en la Cuenca"},"content":{"rendered":"\n<p>Redacci\u00f3n\/Zona Roja.<\/p>\n\n\n\n<p>Oaxaca de Ju\u00e1rez, Oax., 8 de octubre de 2020.- La violencia sigue azotando a las regiones de la Costa y Cuenca del Papaloapan de Oaxaca, donde este jueves se registr\u00f3 la ejecuci\u00f3n de un var\u00f3n y la privaci\u00f3n ilegal de la libertad de un ciudadano, respectivamente.<\/p>\n\n\n\n<p>En el municipio coste\u00f1o de San Pedro Mixtepec, un individuo fue asesinado con disparos de arma de fuego mientras viajaba a bordo de una motocicleta, en la carretera que conduce al centro de esa localidad.<\/p>\n\n\n\n<p>El hecho se registr\u00f3 la ma\u00f1ana de este 8 de octubre en inmediaciones del puente San Jos\u00e9, en la comunidad de Mandingas, donde el cuerpo del var\u00f3n qued\u00f3 sobre el asfalto.<\/p>\n\n\n\n<p>Al lugar arribaron elementos policiales para acordonar el \u00e1rea y realizar el levantamiento del cuerpo.<\/p>\n\n\n\n<p>En la Cuenca, el suceso violento se registr\u00f3 en el municipio de San Juan Bautista Tuxtepec, donde cerca de las 14:30 horas se reportaron detonaciones de arma de fuego en la colonia Santa Fe.<\/p>\n\n\n\n<p>Sobre la calle 16 de Septiembre se localiz\u00f3 abandonada una camioneta tipo Frontier, color blanco, y casquillos percutidos alrededor de la unidad, de la que presuntamente sustrajeron a una persona para privarla de su libertad.<\/p>\n\n\n\n<p>La zona fue acordonada por elementos de la Polic\u00eda Estatal y el Ej\u00e9rcito Mexicano, mientras que Agentes Estatales de Investigaci\u00f3n realizaron las diligencias correspondientes para la investigaci\u00f3n del caso.<\/p>\n","protected":false},"excerpt":{"rendered":"<p>Redacci\u00f3n\/Zona Roja. Oaxaca de Ju\u00e1rez, Oax., 8 de octubre de 2020.- La violencia sigue azotando&hellip;<\/p>\n","protected":false},"author":2,"featured_media":18562,"comment_status":"closed","ping_status":"open","sticky":false,"template":"","format":"standard","meta":{"_lmt_disableupdate":"","_lmt_disable":"","_jetpack_memberships_contains_paid_content":false,"footnotes":""},"categories":[109,51],"tags":[890],"class_list":["post-18561","post","type-post","status-publish","format-standard","has-post-thumbnail","hentry","category-minuto-a-minuto","category-zona-roja","tag-san-pedro-mixtepec"],"jetpack_featured_media_url":"https:\/\/zonaroja.com.mx\/wp-content\/uploads\/2020\/10\/Asesinado-Costa-Mixtepec.jpg","jetpack_sharing_enabled":true,"_links":{"self":[{"href":"https:\/\/zonaroja.com.mx\/index.php?rest_route=\/wp\/v2\/posts\/18561","targetHints":{"allow":["GET"]}}],"collection":[{"href":"https:\/\/zonaroja.com.mx\/index.php?rest_route=\/wp\/v2\/posts"}],"about":[{"href":"https:\/\/zonaroja.com.mx\/index.php?rest_route=\/wp\/v2\/types\/post"}],"author":[{"embeddable":true,"href":"https:\/\/zonaroja.com.mx\/index.php?rest_route=\/wp\/v2\/users\/2"}],"replies":[{"embeddable":true,"href":"https:\/\/zonaroja.com.mx\/index.php?rest_route=%2Fwp%2Fv2%2Fcomments&post=18561"}],"version-history":[{"count":2,"href":"https:\/\/zonaroja.com.mx\/index.php?rest_route=\/wp\/v2\/posts\/18561\/revisions"}],"predecessor-version":[{"id":18564,"href":"https:\/\/zonaroja.com.mx\/index.php?rest_route=\/wp\/v2\/posts\/18561\/revisions\/18564"}],"wp:featuredmedia":[{"embeddable":true,"href":"https:\/\/zonaroja.com.mx\/index.php?rest_route=\/wp\/v2\/media\/18562"}],"wp:attachment":[{"href":"https:\/\/zonaroja.com.mx\/index.php?rest_route=%2Fwp%2Fv2%2Fmedia&parent=18561"}],"wp:term":[{"taxonomy":"category","embeddable":true,"href":"https:\/\/zonaroja.com.mx\/index.php?rest_route=%2Fwp%2Fv2%2Fcategories&post=18561"},{"taxonomy":"post_tag","embeddable":true,"href":"https:\/\/zonaroja.com.mx\/index.php?rest_route=%2Fwp%2Fv2%2Ftags&post=18561"}],"curies":[{"name":"wp","href":"https:\/\/api.w.org\/{rel}","templated":true}]}}