{"id":18565,"date":"2020-10-08T17:08:11","date_gmt":"2020-10-08T22:08:11","guid":{"rendered":"http:\/\/www.zonaroja.com.mx\/?p=18565"},"modified":"2020-10-08T17:08:14","modified_gmt":"2020-10-08T22:08:14","slug":"se-hartan-vecinos-de-bloqueo-al-crucero-del-aeropuerto-cierran-calles-y-preven-desalojo","status":"publish","type":"post","link":"https:\/\/zonaroja.com.mx\/?p=18565","title":{"rendered":"Se hartan vecinos de bloqueo al crucero del aeropuerto; cierran calles y prev\u00e9n desalojo"},"content":{"rendered":"\n<p>Redacci\u00f3n\/Zona Roja.<\/p>\n\n\n\n<p>Oaxaca de Ju\u00e1rez, Oax., 8 de octubre de 2020.- Habitantes de San Agust\u00edn de las Juntas cerraron el paso a veh\u00edculos que pretenden evadir el bloqueo al aeropuerto internacional de Oaxaca y se organizan para retirar a los manifestantes esta noche.<\/p>\n\n\n\n<p>De acuerdo con autoridades municipales, la gente de la comunidad, conurbada por la zona sur a la ciudad de Oaxaca, se hart\u00f3 de los integrantes de las organizaciones sociales que se encuentran en la zona.<\/p>\n\n\n\n<p>Pues agreden a los pobladores, realizan sus necesidades f\u00edsicas en calles aleda\u00f1as al crucero del aeropuerto, sobre la carretera federal 175, y se comportan de manera violenta con transe\u00fantes y ciudadanos, adem\u00e1s de exigirles dinero.<\/p>\n\n\n\n<p>Y es que desde el pasado lunes, miembros de organizaciones sociales como la Asamblea de Pueblos, el Codep, Codeci y Codedi, entre otros, mantienen bloqueos en distintos puntos del estado, adem\u00e1s del crucero a la terminal a\u00e9rea.<\/p>\n\n\n\n<p>Ello en demanda impunidad para sus dirigentes y miembros de las agrupaciones, acusados de diversos delitos.<\/p>\n\n\n\n<p>De acuerdo con el presidente municipal de San Agust\u00edn, Celso Ambrosio P\u00e9rez Cort\u00e9s, los pobladores determinaron cerrar las calles de acceso sobre la v\u00eda federal 175, para impedir m\u00e1s desmanes de los inconformes.<\/p>\n\n\n\n<p>Asimismo, se busca conjuntar esfuerzos con las comunidades aleda\u00f1as, a fin de acudir a dialogar con los manifestantes y caso de no entender razones, proceder\u00e1n al desalojo.<\/p>\n\n\n\n<p>Demand\u00f3 que la Secretar\u00eda General de Gobierno (Segego) llame al di\u00e1logo a los inconformes y se establezcan mesas de trabajo.<\/p>\n\n\n\n<p>Por su parte, autoridades en materia de seguridad p\u00fablica informaron que mantienen presencia en la zona con la finalidad de evitar desmanes o actos vand\u00e1licos.<\/p>\n","protected":false},"excerpt":{"rendered":"<p>Redacci\u00f3n\/Zona Roja. Oaxaca de Ju\u00e1rez, Oax., 8 de octubre de 2020.- Habitantes de San Agust\u00edn&hellip;<\/p>\n","protected":false},"author":2,"featured_media":18566,"comment_status":"closed","ping_status":"open","sticky":false,"template":"","format":"standard","meta":{"_lmt_disableupdate":"","_lmt_disable":"","_jetpack_memberships_contains_paid_content":false,"footnotes":""},"categories":[109,47],"tags":[743],"class_list":["post-18565","post","type-post","status-publish","format-standard","has-post-thumbnail","hentry","category-minuto-a-minuto","category-zona-gris","tag-san-agustin-de-las-juntas"],"jetpack_featured_media_url":"https:\/\/zonaroja.com.mx\/wp-content\/uploads\/2020\/10\/Cierran-calles-San-Agustin-de-las-Juntas.jpg","jetpack_sharing_enabled":true,"_links":{"self":[{"href":"https:\/\/zonaroja.com.mx\/index.php?rest_route=\/wp\/v2\/posts\/18565","targetHints":{"allow":["GET"]}}],"collection":[{"href":"https:\/\/zonaroja.com.mx\/index.php?rest_route=\/wp\/v2\/posts"}],"about":[{"href":"https:\/\/zonaroja.com.mx\/index.php?rest_route=\/wp\/v2\/types\/post"}],"author":[{"embeddable":true,"href":"https:\/\/zonaroja.com.mx\/index.php?rest_route=\/wp\/v2\/users\/2"}],"replies":[{"embeddable":true,"href":"https:\/\/zonaroja.com.mx\/index.php?rest_route=%2Fwp%2Fv2%2Fcomments&post=18565"}],"version-history":[{"count":1,"href":"https:\/\/zonaroja.com.mx\/index.php?rest_route=\/wp\/v2\/posts\/18565\/revisions"}],"predecessor-version":[{"id":18567,"href":"https:\/\/zonaroja.com.mx\/index.php?rest_route=\/wp\/v2\/posts\/18565\/revisions\/18567"}],"wp:featuredmedia":[{"embeddable":true,"href":"https:\/\/zonaroja.com.mx\/index.php?rest_route=\/wp\/v2\/media\/18566"}],"wp:attachment":[{"href":"https:\/\/zonaroja.com.mx\/index.php?rest_route=%2Fwp%2Fv2%2Fmedia&parent=18565"}],"wp:term":[{"taxonomy":"category","embeddable":true,"href":"https:\/\/zonaroja.com.mx\/index.php?rest_route=%2Fwp%2Fv2%2Fcategories&post=18565"},{"taxonomy":"post_tag","embeddable":true,"href":"https:\/\/zonaroja.com.mx\/index.php?rest_route=%2Fwp%2Fv2%2Ftags&post=18565"}],"curies":[{"name":"wp","href":"https:\/\/api.w.org\/{rel}","templated":true}]}}