{"id":18568,"date":"2020-10-08T18:28:56","date_gmt":"2020-10-08T23:28:56","guid":{"rendered":"http:\/\/www.zonaroja.com.mx\/?p=18568"},"modified":"2020-10-08T18:29:00","modified_gmt":"2020-10-08T23:29:00","slug":"desaparece-una-persona-del-sexo-masculino-en-presa-de-la-region-cuenca","status":"publish","type":"post","link":"https:\/\/zonaroja.com.mx\/?p=18568","title":{"rendered":"Desaparece una persona del sexo masculino en presa de la regi\u00f3n Cuenca"},"content":{"rendered":"\n<p>Redacci\u00f3n\/Zona roja.<\/p>\n\n\n\n<p>Oaxaca de Ju\u00e1rez, Oax., 8 de octubre de 2020.- Este mi\u00e9rcoles por la tarde, autoridades municipales de San Pedro Ixcatl\u00e1n, en la regi\u00f3n de la Cuenca del Papaloapan, indicaron que les fue reportado que en el transcurso de la ma\u00f1ana una lancha de motor atropello a una chalupa en la presa \u201cMiguel Alem\u00e1n\u201d.<\/p>\n\n\n\n<p>De acuerdo con el secretario municipal de Ixcatl\u00e1n, Luis Enrique Zenteno Quintana, a bordo de la unidad siniestrada se encontraban dos personas del sexo masculino, una de ellas pudo salir, sin embargo, la otra, no fue localizada.<\/p>\n\n\n\n<p>Por ello, el Gobierno del Estado, a trav\u00e9s de la Coordinaci\u00f3n Estatal de Protecci\u00f3n Civil de Oaxaca (CEPCO), activ\u00f3 los protocolos de b\u00fasqueda en coordinaci\u00f3n con personal de la Secretar\u00eda de Seguridad P\u00fablica y el Heroico Cuerpo de Bomberos, en la presa \u201cMiguel Alem\u00e1n\u201d, por la desaparici\u00f3n de una persona en esta zona.<\/p>\n\n\n\n<p>En un comunicado, indic\u00f3 que la delegaci\u00f3n de la Cuenca del Papaloapan a cargo de Jaime Canseco Claudio inicio de manera inmediata los protocolos de b\u00fasqueda en la zona, que permitieran la ubicaci\u00f3n de la persona.<\/p>\n\n\n\n<p>Sin embargo, al no ser localizado Santiago D. H. de 55 a\u00f1os de edad, originario de la Colonia Buenavista, este jueves se sumaron a los trabajos de b\u00fasqueda buzos de la Secretar\u00eda de Marina, as\u00ed como personal especializado del Heroico Cuerpo de bomberos, a cargo de Manuel Maza S\u00e1nchez.<\/p>\n","protected":false},"excerpt":{"rendered":"<p>Redacci\u00f3n\/Zona roja. Oaxaca de Ju\u00e1rez, Oax., 8 de octubre de 2020.- Este mi\u00e9rcoles por la&hellip;<\/p>\n","protected":false},"author":2,"featured_media":18569,"comment_status":"closed","ping_status":"open","sticky":false,"template":"","format":"standard","meta":{"_lmt_disableupdate":"","_lmt_disable":"","_jetpack_memberships_contains_paid_content":false,"footnotes":""},"categories":[109,47],"tags":[1043],"class_list":["post-18568","post","type-post","status-publish","format-standard","has-post-thumbnail","hentry","category-minuto-a-minuto","category-zona-gris","tag-san-pedro-ixcatlan"],"jetpack_featured_media_url":"https:\/\/zonaroja.com.mx\/wp-content\/uploads\/2020\/10\/busqueda-1.jpg","jetpack_sharing_enabled":true,"_links":{"self":[{"href":"https:\/\/zonaroja.com.mx\/index.php?rest_route=\/wp\/v2\/posts\/18568","targetHints":{"allow":["GET"]}}],"collection":[{"href":"https:\/\/zonaroja.com.mx\/index.php?rest_route=\/wp\/v2\/posts"}],"about":[{"href":"https:\/\/zonaroja.com.mx\/index.php?rest_route=\/wp\/v2\/types\/post"}],"author":[{"embeddable":true,"href":"https:\/\/zonaroja.com.mx\/index.php?rest_route=\/wp\/v2\/users\/2"}],"replies":[{"embeddable":true,"href":"https:\/\/zonaroja.com.mx\/index.php?rest_route=%2Fwp%2Fv2%2Fcomments&post=18568"}],"version-history":[{"count":1,"href":"https:\/\/zonaroja.com.mx\/index.php?rest_route=\/wp\/v2\/posts\/18568\/revisions"}],"predecessor-version":[{"id":18570,"href":"https:\/\/zonaroja.com.mx\/index.php?rest_route=\/wp\/v2\/posts\/18568\/revisions\/18570"}],"wp:featuredmedia":[{"embeddable":true,"href":"https:\/\/zonaroja.com.mx\/index.php?rest_route=\/wp\/v2\/media\/18569"}],"wp:attachment":[{"href":"https:\/\/zonaroja.com.mx\/index.php?rest_route=%2Fwp%2Fv2%2Fmedia&parent=18568"}],"wp:term":[{"taxonomy":"category","embeddable":true,"href":"https:\/\/zonaroja.com.mx\/index.php?rest_route=%2Fwp%2Fv2%2Fcategories&post=18568"},{"taxonomy":"post_tag","embeddable":true,"href":"https:\/\/zonaroja.com.mx\/index.php?rest_route=%2Fwp%2Fv2%2Ftags&post=18568"}],"curies":[{"name":"wp","href":"https:\/\/api.w.org\/{rel}","templated":true}]}}