{"id":18575,"date":"2020-10-08T19:42:46","date_gmt":"2020-10-09T00:42:46","guid":{"rendered":"http:\/\/www.zonaroja.com.mx\/?p=18575"},"modified":"2020-10-08T19:42:50","modified_gmt":"2020-10-09T00:42:50","slug":"cumple-dos-dias-toma-del-palacio-municipal-de-sola-de-vega","status":"publish","type":"post","link":"https:\/\/zonaroja.com.mx\/?p=18575","title":{"rendered":"Cumple dos d\u00edas \u201ctoma\u201d del palacio municipal de Sola de Vega"},"content":{"rendered":"\n<p>Yuridiana Sosa\/Zona Roja.<\/p>\n\n\n\n<p>Oaxaca de Ju\u00e1rez, Oax., 8 de octubre de 2020.- Habitantes de diferentes agencias del municipio de Villa Sola de Vega, en la regi\u00f3n Sierra Sur de Oaxaca, mantienen en su poder por segundo d\u00eda el palacio municipal, para exigir al presidente Esa\u00fa N\u00fa\u00f1ez Calvo el cumplimiento de obras y un informe sobre la aplicaci\u00f3n de recursos p\u00fablicos.<\/p>\n\n\n\n<p>Desde este mi\u00e9rcoles los vecinos de la localidad de Santa Anita comenzaron con la manifestaci\u00f3n por incumplimiento en la construcci\u00f3n de un puente peatonal, entre otras promesas que no se han llevado a cabo.<\/p>\n\n\n\n<p>A la inconformidad contra el edil emanado del Partido Acci\u00f3n Nacional (PAN), se sumaron pobladores de otras agencias municipales, que coincidieron en que N\u00fa\u00f1ez Calvo no ha realizado las obras que anunci\u00f3.<\/p>\n\n\n\n<p>Tampoco ha entregado los recursos para las comunidades, donde desde el inicio de su administraci\u00f3n no existen beneficios, por lo que exigen un informe sobre la aplicaci\u00f3n del dinero p\u00fablico.<\/p>\n\n\n\n<p>\u201cEsa\u00fa N\u00fa\u00f1ez no cumple lo que promete\u201d, se\u00f1alan los pobladores por medio de mantas que han utilizado para dar a conocer su manifestaci\u00f3n en las instalaciones municipales.<\/p>\n\n\n\n<p>Asimismo, mantienen retenidas a las autoridades en oficinas del palacio municipal y no las dejar\u00e1n libres hasta que no firmen en documentos su compromiso de que cumplir\u00e1n con los apoyos.<\/p>\n","protected":false},"excerpt":{"rendered":"<p>Yuridiana Sosa\/Zona Roja. Oaxaca de Ju\u00e1rez, Oax., 8 de octubre de 2020.- Habitantes de diferentes&hellip;<\/p>\n","protected":false},"author":2,"featured_media":18576,"comment_status":"closed","ping_status":"open","sticky":false,"template":"","format":"standard","meta":{"_lmt_disableupdate":"","_lmt_disable":"","_jetpack_memberships_contains_paid_content":false,"footnotes":""},"categories":[109,47],"tags":[1236],"class_list":["post-18575","post","type-post","status-publish","format-standard","has-post-thumbnail","hentry","category-minuto-a-minuto","category-zona-gris","tag-villa-sola-de-vega"],"jetpack_featured_media_url":"https:\/\/zonaroja.com.mx\/wp-content\/uploads\/2020\/10\/Protesta-Sola-de-Vega.jpg","jetpack_sharing_enabled":true,"_links":{"self":[{"href":"https:\/\/zonaroja.com.mx\/index.php?rest_route=\/wp\/v2\/posts\/18575","targetHints":{"allow":["GET"]}}],"collection":[{"href":"https:\/\/zonaroja.com.mx\/index.php?rest_route=\/wp\/v2\/posts"}],"about":[{"href":"https:\/\/zonaroja.com.mx\/index.php?rest_route=\/wp\/v2\/types\/post"}],"author":[{"embeddable":true,"href":"https:\/\/zonaroja.com.mx\/index.php?rest_route=\/wp\/v2\/users\/2"}],"replies":[{"embeddable":true,"href":"https:\/\/zonaroja.com.mx\/index.php?rest_route=%2Fwp%2Fv2%2Fcomments&post=18575"}],"version-history":[{"count":1,"href":"https:\/\/zonaroja.com.mx\/index.php?rest_route=\/wp\/v2\/posts\/18575\/revisions"}],"predecessor-version":[{"id":18577,"href":"https:\/\/zonaroja.com.mx\/index.php?rest_route=\/wp\/v2\/posts\/18575\/revisions\/18577"}],"wp:featuredmedia":[{"embeddable":true,"href":"https:\/\/zonaroja.com.mx\/index.php?rest_route=\/wp\/v2\/media\/18576"}],"wp:attachment":[{"href":"https:\/\/zonaroja.com.mx\/index.php?rest_route=%2Fwp%2Fv2%2Fmedia&parent=18575"}],"wp:term":[{"taxonomy":"category","embeddable":true,"href":"https:\/\/zonaroja.com.mx\/index.php?rest_route=%2Fwp%2Fv2%2Fcategories&post=18575"},{"taxonomy":"post_tag","embeddable":true,"href":"https:\/\/zonaroja.com.mx\/index.php?rest_route=%2Fwp%2Fv2%2Ftags&post=18575"}],"curies":[{"name":"wp","href":"https:\/\/api.w.org\/{rel}","templated":true}]}}