{"id":18578,"date":"2020-10-08T21:09:28","date_gmt":"2020-10-09T02:09:28","guid":{"rendered":"http:\/\/www.zonaroja.com.mx\/?p=18578"},"modified":"2020-10-08T21:09:32","modified_gmt":"2020-10-09T02:09:32","slug":"bloqueos-y-protestas-muestra-de-politica-interna-ineficiente-diputado","status":"publish","type":"post","link":"https:\/\/zonaroja.com.mx\/?p=18578","title":{"rendered":"Bloqueos y protestas, muestra de pol\u00edtica interna ineficiente: diputado"},"content":{"rendered":"\n<p>Yuridiana Sosa\/Zona Roja.<\/p>\n\n\n\n<p>Oaxaca de Ju\u00e1rez, Oax., 8 de octubre de 2020.- Bloqueos, manifestaciones violentas, plantones y hasta agresiones armadas con saldos mortales por conflictos agrarios, son consecuencia de una pol\u00edtica interior ineficiente del gobierno estatal que encabeza Alejandro Murat Hinojosa.<\/p>\n\n\n\n<p>As\u00ed lo asever\u00f3 el diputado local por el Partido del Trabajo, C\u00e9sar Morales Ni\u00f1o, quien lament\u00f3 que a falta de una Secretar\u00eda General de Gobierno (Segego) eficiente para resolver problemas, la sociedad sea v\u00edctima de la violaci\u00f3n a sus diferentes derechos, as\u00ed como que las organizaciones tengan que recurrir a la violencia para ser atendidos.<\/p>\n\n\n\n<p>Este jueves se cumplieron cuatro d\u00edas de movilizaciones en la capital del estado, zona metropolitana &#8211;que comenzaron a retirarse esta noche&#8211;, en las regiones de la Mixteca, Cuenca e Istmo, por parte de diversas organizaciones adheridas en la Alianza de Pueblos y que al paso de cada d\u00eda se volvieron m\u00e1s radicales.<\/p>\n\n\n\n<p>Los bloqueos comenzaron el lunes para exigir a la Fiscal\u00eda General del Estado justicia por los diferentes cr\u00edmenes contra l\u00edderes sociales, as\u00ed como atenci\u00f3n a demandas de car\u00e1cter social o promesas no cumplidas del gobernador; al no obtener atenci\u00f3n, el martes continuaron, e incluso en algunos puntos se registr\u00f3 rapi\u00f1a de veh\u00edculos comerciales.<\/p>\n\n\n\n<figure class=\"wp-block-embed-twitter wp-block-embed is-type-rich is-provider-twitter\"><div class=\"wp-block-embed__wrapper\">\n<div class=\"twitter-tweet\"><blockquote class=\"twitter-tweet\" data-lang=\"es\"><p lang=\"es\" dir=\"ltr\">Acerca de los bloqueos, el diputado local <a href=\"https:\/\/twitter.com\/cesarmoralesn?ref_src=twsrc%5Etfw\">@cesarmoralesn<\/a>, ex presidente de la Mesa Directiva del <a href=\"https:\/\/twitter.com\/CongresoOaxLXIV?ref_src=twsrc%5Etfw\">@CongresoOaxLXIV<\/a>, demand\u00f3 a las autoridades del <a href=\"https:\/\/twitter.com\/GobOax?ref_src=twsrc%5Etfw\">@GobOax<\/a> privilegiar el di\u00e1logo y atender a las organizaciones sociales para evitar m\u00e1s afectaciones a la poblaci\u00f3n oaxaque\u00f1a. <a href=\"https:\/\/t.co\/Gq13dpJ9xp\">pic.twitter.com\/Gq13dpJ9xp<\/a><\/p>&mdash; Zona Roja Oaxaca (@MexRoja) <a href=\"https:\/\/twitter.com\/MexRoja\/status\/1313950303088246784?ref_src=twsrc%5Etfw\">7 de octubre de 2020<\/a><\/blockquote><\/div>\n<\/div><\/figure>\n\n\n\n<p>Ayer el saldo de las afectaciones se increment\u00f3; pasos carreteros que conectan a la entidad con vecinos estados como Veracruz, en la Cuenca y a Chiapas en el Istmo siguen obstruidos, al igual que autopista y carretera federal en el tramo Nochixtl\u00e1n a Oaxaca; la noche de ayer disminuyeron.<\/p>\n\n\n\n<p>Ante ello, el legislador recalc\u00f3 la omisi\u00f3n e incapacidades de los funcionarios estatales encargados de la pol\u00edtica interna de Oaxaca para anticipar hechos violentos, como pudo ocurrir en Nochixtl\u00e1n, donde la poblaci\u00f3n se organizaba para desalojar a los manifestantes de la v\u00eda federal.<\/p>\n\n\n\n<p>\u201cEs una falta de responsabilidad y habilidad para atender esos conflictos\u201d, se\u00f1al\u00f3 el diputado, quien llam\u00f3 a una revisi\u00f3n a fondo de la pol\u00edtica al interior del estado para erradicar estas acciones que agreden los derechos de terceros.<\/p>\n\n\n\n<p>En cuanto al conflicto agrario entre Santo Domingo Yoso\u00f1ama y San Juan Mixtepec, que esta semana resurgi\u00f3 con violencia y el saldo de tres personas asesinadas y dos heridas de gravedad, Morales Ni\u00f1o plante\u00f3 la creaci\u00f3n de un \u00f3rgano interinstitucional, pues tampoco existe capacidad estatal para una soluci\u00f3n.<\/p>\n\n\n\n<p>Llam\u00f3 a las autoridades locales y federales en el \u00e1mbito agrario a que den puntual atenci\u00f3n a este problema para evitar m\u00e1s violencia y asesinatos, as\u00ed como prevenir esas situaciones en otros municipios ante conflictos a\u00f1ejos.<\/p>\n\n\n\n<p>En el transcurso de esta administraci\u00f3n, al menos 11 personas de San Juan Mixtepec han fallecido a consecuencia de ataques armados por la disputa de m\u00e1s de mil 7 hect\u00e1reas, mientras que los pobladores de Santo Domingo Yoso\u00f1ama reportan el deceso de al menos unos 31 pobladores al paso de 75 a\u00f1os de conflicto.<\/p>\n","protected":false},"excerpt":{"rendered":"<p>Yuridiana Sosa\/Zona Roja. Oaxaca de Ju\u00e1rez, Oax., 8 de octubre de 2020.- Bloqueos, manifestaciones violentas,&hellip;<\/p>\n","protected":false},"author":2,"featured_media":18579,"comment_status":"closed","ping_status":"open","sticky":false,"template":"","format":"standard","meta":{"_lmt_disableupdate":"","_lmt_disable":"","_jetpack_memberships_contains_paid_content":false,"footnotes":""},"categories":[109,47],"tags":[],"class_list":["post-18578","post","type-post","status-publish","format-standard","has-post-thumbnail","hentry","category-minuto-a-minuto","category-zona-gris"],"jetpack_featured_media_url":"https:\/\/zonaroja.com.mx\/wp-content\/uploads\/2020\/10\/CesarMoralesN.jpg","jetpack_sharing_enabled":true,"_links":{"self":[{"href":"https:\/\/zonaroja.com.mx\/index.php?rest_route=\/wp\/v2\/posts\/18578","targetHints":{"allow":["GET"]}}],"collection":[{"href":"https:\/\/zonaroja.com.mx\/index.php?rest_route=\/wp\/v2\/posts"}],"about":[{"href":"https:\/\/zonaroja.com.mx\/index.php?rest_route=\/wp\/v2\/types\/post"}],"author":[{"embeddable":true,"href":"https:\/\/zonaroja.com.mx\/index.php?rest_route=\/wp\/v2\/users\/2"}],"replies":[{"embeddable":true,"href":"https:\/\/zonaroja.com.mx\/index.php?rest_route=%2Fwp%2Fv2%2Fcomments&post=18578"}],"version-history":[{"count":1,"href":"https:\/\/zonaroja.com.mx\/index.php?rest_route=\/wp\/v2\/posts\/18578\/revisions"}],"predecessor-version":[{"id":18580,"href":"https:\/\/zonaroja.com.mx\/index.php?rest_route=\/wp\/v2\/posts\/18578\/revisions\/18580"}],"wp:featuredmedia":[{"embeddable":true,"href":"https:\/\/zonaroja.com.mx\/index.php?rest_route=\/wp\/v2\/media\/18579"}],"wp:attachment":[{"href":"https:\/\/zonaroja.com.mx\/index.php?rest_route=%2Fwp%2Fv2%2Fmedia&parent=18578"}],"wp:term":[{"taxonomy":"category","embeddable":true,"href":"https:\/\/zonaroja.com.mx\/index.php?rest_route=%2Fwp%2Fv2%2Fcategories&post=18578"},{"taxonomy":"post_tag","embeddable":true,"href":"https:\/\/zonaroja.com.mx\/index.php?rest_route=%2Fwp%2Fv2%2Ftags&post=18578"}],"curies":[{"name":"wp","href":"https:\/\/api.w.org\/{rel}","templated":true}]}}