{"id":18581,"date":"2020-10-08T21:47:46","date_gmt":"2020-10-09T02:47:46","guid":{"rendered":"http:\/\/www.zonaroja.com.mx\/?p=18581"},"modified":"2020-10-08T21:47:51","modified_gmt":"2020-10-09T02:47:51","slug":"va-de-vuelta-oaxaca-a-semaforo-naranja-hoy-146-casos-positivos","status":"publish","type":"post","link":"https:\/\/zonaroja.com.mx\/?p=18581","title":{"rendered":"Va de vuelta Oaxaca a sem\u00e1foro naranja; hoy, 146 casos positivos"},"content":{"rendered":"\n<p>Redacci\u00f3n\/Zona Roja.<\/p>\n\n\n\n<p>Oaxaca de Ju\u00e1rez, Oax., 8 de octubre de 2020.- La dependencia Servicios de Salud de Oaxaca (SSO) inform\u00f3 que ante la situaci\u00f3n sanitaria en el estado y por instrucciones del gobernador Alejandro Murat Hinojosa, Oaxaca regres\u00f3 al color naranja en el Sem\u00e1foro Epidemiol\u00f3gico Nacional.<\/p>\n\n\n\n<p>En un comunicado, indic\u00f3 que a pesar de que la red hospitalaria al corte de este 8 de octubre se encuentra al 38.8% de camas ocupadas, no se puede bajar la guardia en las medidas de protecci\u00f3n.<\/p>\n\n\n\n<p>Por lo que las recomendaciones sanitarias en los espacios p\u00fablicos deber\u00e1n fortalecerse como: la sana distancia, lavado frecuente de manos y el uso correcto del cubrebocas, en beneficio de la salud de todas y todos.<\/p>\n\n\n\n<p>Detall\u00f3 que este jueves se registraron 146 contagios nuevos de Covid-19, para acumular 17 mil 989 casos confirmados en la entidad; adem\u00e1s de ocho fallecimientos, por lo que el global es de mil 496 decesos.<\/p>\n\n\n\n<figure class=\"wp-block-embed-twitter wp-block-embed is-type-rich is-provider-twitter\"><div class=\"wp-block-embed__wrapper\">\n<div class=\"twitter-tweet\"><blockquote class=\"twitter-tweet\" data-lang=\"es\"><p lang=\"es\" dir=\"ltr\">De la aplicaci\u00f3n de las medidas preventivas contra el <a href=\"https:\/\/twitter.com\/hashtag\/COVID19?src=hash&amp;ref_src=twsrc%5Etfw\">#COVID19<\/a> por parte de todas y todos, depender\u00e1 que <a href=\"https:\/\/twitter.com\/hashtag\/Oaxaca?src=hash&amp;ref_src=twsrc%5Etfw\">#Oaxaca<\/a> transite de manera segura hacia la <a href=\"https:\/\/twitter.com\/hashtag\/NuevaNormalidad?src=hash&amp;ref_src=twsrc%5Etfw\">#NuevaNormalidad<\/a>, <a href=\"https:\/\/twitter.com\/hashtag\/NoBajemosLaGuardia?src=hash&amp;ref_src=twsrc%5Etfw\">#NoBajemosLaGuardia<\/a>, recuerda que si te cuidas t\u00fa, nos cuidas a todas y todos. <a href=\"https:\/\/t.co\/VrbFSH5pvG\">pic.twitter.com\/VrbFSH5pvG<\/a><\/p>&mdash; Servicios de Salud (@SSO_GobOax) <a href=\"https:\/\/twitter.com\/SSO_GobOax\/status\/1314378238039392256?ref_src=twsrc%5Etfw\">9 de octubre de 2020<\/a><\/blockquote><\/div>\n<\/div><\/figure>\n\n\n\n<p>Indic\u00f3 que las y los pacientes contabilizados en las \u00faltimas 24 horas pertenecen a 44 municipios, principalmente: Oaxaca de Ju\u00e1rez con 62 casos y Santa Cruz Xoxocotl\u00e1n con 13, el resto seis, cinco, cuatro, tres, dos y uno.<\/p>\n\n\n\n<p>Asimismo, se\u00f1al\u00f3 que se tiene un total de 797 casos activos, 15 mil 696 personas han recibido su alta sanitaria, se han realizado 26 mil 560 pruebas para el diagn\u00f3stico de la enfermedad, siete mil 740 muestras han sido negativas y hay 831 sospechosos.<\/p>\n\n\n\n<p>Subray\u00f3 que por n\u00famero de contagios, Valles Centrales registra 12 mil 056 positivos, Istmo mil 741, Tuxtepec mil 731, Mixteca mil 219, Costa 809 y la Sierra 433 acumulados.<\/p>\n\n\n\n<p>Record\u00f3 a la poblaci\u00f3n que la regulaci\u00f3n del uso del espacio p\u00fablico de acuerdo al color \u201cnaranja\u201d, es del 20% para la ocupaci\u00f3n hotelera, el aforo autorizado para centros religiosos, centros comerciales, cines, teatros y eventos culturales es del 25%; mientras que el 50% para parques, plazas, espacios p\u00fablicos abiertos, gimnasios, albercas, centros deportivos, SPA, centros de masaje, peluquer\u00edas y est\u00e9ticas (con previa cita); y un 75% en mercados y supermercados.<\/p>\n\n\n\n<p>Enfatiz\u00f3 que mientras contin\u00fae el riesgo de contagio, quedan suspendidos los eventos masivos, centros nocturnos, bares, salones de eventos, adem\u00e1s las reuniones familiares deben llevarse a cabo con las medidas sanitarias correspondientes.<\/p>\n\n\n\n<figure class=\"wp-block-embed-twitter wp-block-embed is-type-rich is-provider-twitter\"><div class=\"wp-block-embed__wrapper\">\n<div class=\"twitter-tweet\"><blockquote class=\"twitter-tweet\" data-lang=\"es\"><p lang=\"es\" dir=\"ltr\"><a href=\"https:\/\/twitter.com\/hashtag\/%C3%9AltimoMinuto?src=hash&amp;ref_src=twsrc%5Etfw\">#\u00daltimoMinuto<\/a> <br>Ante el incremento de casos de Covid-19 en la entidad, el gobernador de Oaxaca, <a href=\"https:\/\/twitter.com\/alejandromurat?ref_src=twsrc%5Etfw\">@alejandromurat<\/a>, anunci\u00f3 que la entidad regresa de nueva cuenta del sem\u00e1foro epidemiol\u00f3gico amarillo al naranja, aunque no precis\u00f3 en qu\u00e9 fecha. <a href=\"https:\/\/t.co\/Mwad7SY9NS\">pic.twitter.com\/Mwad7SY9NS<\/a><\/p>&mdash; Zona Roja Oaxaca (@MexRoja) <a href=\"https:\/\/twitter.com\/MexRoja\/status\/1314343256939921408?ref_src=twsrc%5Etfw\">8 de octubre de 2020<\/a><\/blockquote><\/div>\n<\/div><\/figure>\n","protected":false},"excerpt":{"rendered":"<p>Redacci\u00f3n\/Zona Roja. Oaxaca de Ju\u00e1rez, Oax., 8 de octubre de 2020.- La dependencia Servicios de&hellip;<\/p>\n","protected":false},"author":2,"featured_media":18582,"comment_status":"closed","ping_status":"open","sticky":false,"template":"","format":"standard","meta":{"_lmt_disableupdate":"","_lmt_disable":"","_jetpack_memberships_contains_paid_content":false,"footnotes":""},"categories":[109,47],"tags":[1512],"class_list":["post-18581","post","type-post","status-publish","format-standard","has-post-thumbnail","hentry","category-minuto-a-minuto","category-zona-gris","tag-coronavirus-oaxaca"],"jetpack_featured_media_url":"https:\/\/zonaroja.com.mx\/wp-content\/uploads\/2020\/10\/SSO-1-3-1.jpeg","jetpack_sharing_enabled":true,"_links":{"self":[{"href":"https:\/\/zonaroja.com.mx\/index.php?rest_route=\/wp\/v2\/posts\/18581","targetHints":{"allow":["GET"]}}],"collection":[{"href":"https:\/\/zonaroja.com.mx\/index.php?rest_route=\/wp\/v2\/posts"}],"about":[{"href":"https:\/\/zonaroja.com.mx\/index.php?rest_route=\/wp\/v2\/types\/post"}],"author":[{"embeddable":true,"href":"https:\/\/zonaroja.com.mx\/index.php?rest_route=\/wp\/v2\/users\/2"}],"replies":[{"embeddable":true,"href":"https:\/\/zonaroja.com.mx\/index.php?rest_route=%2Fwp%2Fv2%2Fcomments&post=18581"}],"version-history":[{"count":1,"href":"https:\/\/zonaroja.com.mx\/index.php?rest_route=\/wp\/v2\/posts\/18581\/revisions"}],"predecessor-version":[{"id":18583,"href":"https:\/\/zonaroja.com.mx\/index.php?rest_route=\/wp\/v2\/posts\/18581\/revisions\/18583"}],"wp:featuredmedia":[{"embeddable":true,"href":"https:\/\/zonaroja.com.mx\/index.php?rest_route=\/wp\/v2\/media\/18582"}],"wp:attachment":[{"href":"https:\/\/zonaroja.com.mx\/index.php?rest_route=%2Fwp%2Fv2%2Fmedia&parent=18581"}],"wp:term":[{"taxonomy":"category","embeddable":true,"href":"https:\/\/zonaroja.com.mx\/index.php?rest_route=%2Fwp%2Fv2%2Fcategories&post=18581"},{"taxonomy":"post_tag","embeddable":true,"href":"https:\/\/zonaroja.com.mx\/index.php?rest_route=%2Fwp%2Fv2%2Ftags&post=18581"}],"curies":[{"name":"wp","href":"https:\/\/api.w.org\/{rel}","templated":true}]}}