{"id":1859,"date":"2019-06-26T22:26:53","date_gmt":"2019-06-27T03:26:53","guid":{"rendered":"http:\/\/www.zonaroja.com.mx\/?p=1859"},"modified":"2019-06-26T22:26:55","modified_gmt":"2019-06-27T03:26:55","slug":"enganan-gobierno-y-ayuntamiento-a-productores-oaxaquenos","status":"publish","type":"post","link":"https:\/\/zonaroja.com.mx\/?p=1859","title":{"rendered":"Enga\u00f1an gobierno y ayuntamiento a productores oaxaque\u00f1os"},"content":{"rendered":"\n<p>Redacci\u00f3n<\/p>\n\n\n\n<p>Oaxaca de\nJu\u00e1rez, Oax., 26 de junio de 2019.- El gobierno de Oaxaca y el ayuntamiento de\nla capital enga\u00f1aron a productores de la entidad para retirarlos el pasado 18\nde junio del play\u00f3n de las riberas del r\u00edo \u201cAtoyac\u201d y llevarlos a un predio\nparticular, del que no pag\u00f3 la renta.<\/p>\n\n\n\n<p>Esta noche,\nlos comerciantes que hab\u00edan establecido su propio mercado a un costado de la\ncarretera del mencionado afluente, denunciaron que un particular, identificado\ncomo el abogado Enrique Toro Ferrer, se present\u00f3 con ellos para decirles que no\nhab\u00eda permiso para que colocaran sus puestos.<\/p>\n\n\n\n<p>Les dijo que no ten\u00eda ning\u00fan acuerdo con el gobierno y que no le hab\u00edan pagado ninguna renta.<\/p>\n\n\n\n<figure class=\"wp-block-embed-twitter wp-block-embed is-type-rich is-provider-twitter\"><div class=\"wp-block-embed__wrapper\">\n<div class=\"twitter-tweet\"><blockquote class=\"twitter-tweet\" data-lang=\"es\"><p lang=\"es\" dir=\"ltr\"><a href=\"https:\/\/twitter.com\/hashtag\/OaxacaGris?src=hash&amp;ref_src=twsrc%5Etfw\">#OaxacaGris<\/a><br>Enga\u00f1aron <a href=\"https:\/\/twitter.com\/alejandromurat?ref_src=twsrc%5Etfw\">@alejandromurat<\/a> y <a href=\"https:\/\/twitter.com\/oswaldogarciaj?ref_src=twsrc%5Etfw\">@oswaldogarciaj<\/a> a productores oaxaque\u00f1os que retiraron del play\u00f3n del r\u00edo \u201cAtoyac\u201d y los echaron a un predio que tiene due\u00f1o, Enrique Toro Ferrer, y quien los rechaza, pues no tiene ning\u00fan acuerdo de renta con el gobierno. <a href=\"https:\/\/t.co\/mZXTM854qv\">pic.twitter.com\/mZXTM854qv<\/a><\/p>&mdash; Zona Roja Oaxaca (@MexRoja) <a href=\"https:\/\/twitter.com\/MexRoja\/status\/1144066418058715137?ref_src=twsrc%5Etfw\">27 de junio de 2019<\/a><\/blockquote><\/div>\n<\/div><\/figure>\n\n\n\n<p>Seg\u00fan narr\u00f3 hoy\nGuadalupe Ad\u00e1n Cuevas, \u201csin decir agua va\u201d, hace ocho d\u00edas fueron retirados por\nlos polic\u00edas del play\u00f3n y los mandaron a un predio de la antigua f\u00e1brica de\nTriplay.<\/p>\n\n\n\n<p>\u201cNos\ncanalizaron a este espacio, seg\u00fan ya todo estaba arreglado, pero lleg\u00f3 el due\u00f1o\ny dijo que no les pag\u00f3 nada; considerando que ya est\u00e1bamos ac\u00e1, nos dieron permiso\nde vender nuestros productos hoy y ma\u00f1ana\u201d, dijo a los medios de comunicaci\u00f3n.<\/p>\n\n\n\n<p>Lament\u00f3 que\nlas autoridades privilegien la atenci\u00f3n a los vendedores originarios de Puebla,\nmientras que los oaxaque\u00f1os son marginados.<\/p>\n","protected":false},"excerpt":{"rendered":"<p>Redacci\u00f3n Oaxaca de Ju\u00e1rez, Oax., 26 de junio de 2019.- El gobierno de Oaxaca y&hellip;<\/p>\n","protected":false},"author":2,"featured_media":1860,"comment_status":"closed","ping_status":"open","sticky":false,"template":"","format":"standard","meta":{"_lmt_disableupdate":"","_lmt_disable":"","_jetpack_memberships_contains_paid_content":false,"footnotes":""},"categories":[109,47],"tags":[242,58],"class_list":["post-1859","post","type-post","status-publish","format-standard","has-post-thumbnail","hentry","category-minuto-a-minuto","category-zona-gris","tag-comerciantes","tag-oaxaca"],"jetpack_featured_media_url":"https:\/\/zonaroja.com.mx\/wp-content\/uploads\/2019\/06\/6185eba8-090d-4f0f-8c6c-dcc9d04beec3.jpg","jetpack_sharing_enabled":true,"_links":{"self":[{"href":"https:\/\/zonaroja.com.mx\/index.php?rest_route=\/wp\/v2\/posts\/1859","targetHints":{"allow":["GET"]}}],"collection":[{"href":"https:\/\/zonaroja.com.mx\/index.php?rest_route=\/wp\/v2\/posts"}],"about":[{"href":"https:\/\/zonaroja.com.mx\/index.php?rest_route=\/wp\/v2\/types\/post"}],"author":[{"embeddable":true,"href":"https:\/\/zonaroja.com.mx\/index.php?rest_route=\/wp\/v2\/users\/2"}],"replies":[{"embeddable":true,"href":"https:\/\/zonaroja.com.mx\/index.php?rest_route=%2Fwp%2Fv2%2Fcomments&post=1859"}],"version-history":[{"count":1,"href":"https:\/\/zonaroja.com.mx\/index.php?rest_route=\/wp\/v2\/posts\/1859\/revisions"}],"predecessor-version":[{"id":1861,"href":"https:\/\/zonaroja.com.mx\/index.php?rest_route=\/wp\/v2\/posts\/1859\/revisions\/1861"}],"wp:featuredmedia":[{"embeddable":true,"href":"https:\/\/zonaroja.com.mx\/index.php?rest_route=\/wp\/v2\/media\/1860"}],"wp:attachment":[{"href":"https:\/\/zonaroja.com.mx\/index.php?rest_route=%2Fwp%2Fv2%2Fmedia&parent=1859"}],"wp:term":[{"taxonomy":"category","embeddable":true,"href":"https:\/\/zonaroja.com.mx\/index.php?rest_route=%2Fwp%2Fv2%2Fcategories&post=1859"},{"taxonomy":"post_tag","embeddable":true,"href":"https:\/\/zonaroja.com.mx\/index.php?rest_route=%2Fwp%2Fv2%2Ftags&post=1859"}],"curies":[{"name":"wp","href":"https:\/\/api.w.org\/{rel}","templated":true}]}}