{"id":18590,"date":"2020-10-09T08:01:57","date_gmt":"2020-10-09T13:01:57","guid":{"rendered":"http:\/\/www.zonaroja.com.mx\/?p=18590"},"modified":"2020-10-09T08:02:00","modified_gmt":"2020-10-09T13:02:00","slug":"piden-ambientalistas-no-privatizar-el-cuidado-del-arbolado-en-el-zocalo-de-oaxaca","status":"publish","type":"post","link":"https:\/\/zonaroja.com.mx\/?p=18590","title":{"rendered":"Piden ambientalistas no privatizar el cuidado del arbolado en el z\u00f3calo de Oaxaca"},"content":{"rendered":"\n<p>Evlin Arag\u00f3n\/Zona Roja.<\/p>\n\n\n\n<p>Oaxaca de Ju\u00e1rez, Oax., 9 de octubre de 2020.- Integrantes del Colectivo de Organizaciones Ambientalistas de Oaxaca (COAO) exhortaron a los representantes de los tres niveles de gobierno asumir su responsabilidad en el cuidado del arbolado del z\u00f3calo y la Alameda de Le\u00f3n de la capital y evitar la intervenci\u00f3n de la iniciativa privado en el tema.&nbsp;<\/p>\n\n\n\n<p>De forma espec\u00edfica, pidieron a la autoridad no perder la capacidad de rector\u00eda en el primer cuadro de la ciudad, que adem\u00e1s se trata del espacio p\u00fablico m\u00e1s importante; ello, ante el anuncio de la Fundaci\u00f3n Alfredo Harp Hel\u00fa Oaxaca (FAHHO), de intervenir el arbolado, situaci\u00f3n que consideraron como un intento simulado de privatizaci\u00f3n del lugar.<\/p>\n\n\n\n<p>Como muestra, refirieron lo sucedido con la Antigua Estaci\u00f3n del Ferrocarril, la Ciudad de las Canteras y de los Archivos, el estadio de b\u00e9isbol \u201cEduardo Vasconcelos\u201d, el ex convento San Pablo, entre otros espacios que aseguran de primera cuenta fueron intervenidos de forma altruista para posteriormente privatizarlos.&nbsp;<\/p>\n\n\n\n<p>\u201cPedimos que no sea a trav\u00e9s de la acumulaci\u00f3n de propiedades y s\u00ed de la inclusi\u00f3n de ideas y acciones fuera de competencia de la FAHHO, para lograr el \u00e9xito en la conservaci\u00f3n de estos lugares emblem\u00e1ticos, no repitiendo errores que tienen su origen en decisiones unilaterales con enfoque corporativo y fiscal\u201d, refiri\u00f3 el colectivo, representado por Gerardo Aldeco Pinelo.<\/p>\n\n\n\n<p>En este sentido, recordaron lo sucedido en la reforestaci\u00f3n del 2005-2006 en el Centro Hist\u00f3rico, cuando fueron colocadas decenas de especies no adecuadas protegidas con rejillas en jardineras innecesarias que resultaron da\u00f1inas para los ejemplares.&nbsp;<\/p>\n\n\n\n<p>As\u00ed mismo, cuestionaron el reciente trasplante de un Higo en el z\u00f3calo, especie no nativa que sustituye a Laurel colapsado, con el objetivo de satisfacer egos personales y sin tomar en cuenta la plantaci\u00f3n de \u00e1rboles end\u00e9micos que tengan una mayor esperanza de vida.&nbsp;<\/p>\n\n\n\n<p>Por lo anterior, informaron que con el acompa\u00f1amiento de las autoridades municipales y estatales en materia del medio ambiente, la sociedad civil organizada en el COAO prepara un plan integral de conservaci\u00f3n del arbolado urbano en Oaxaca, que incluye la actualizaci\u00f3n de normas t\u00e9cnicas y la sustentabilidad en este tema.<\/p>\n\n\n\n<p>Raz\u00f3n por la que pidieron a la FAHHO sumarse a dichas acciones, evitar la duplicidad de esfuerzos y gastos, pero sobre todo dejar de intervenir espacios p\u00fablicos para posteriormente buscar la privatizaci\u00f3n.&nbsp;<\/p>\n","protected":false},"excerpt":{"rendered":"<p>Evlin Arag\u00f3n\/Zona Roja. Oaxaca de Ju\u00e1rez, Oax., 9 de octubre de 2020.- Integrantes del Colectivo&hellip;<\/p>\n","protected":false},"author":2,"featured_media":18591,"comment_status":"closed","ping_status":"open","sticky":false,"template":"","format":"standard","meta":{"_lmt_disableupdate":"","_lmt_disable":"","_jetpack_memberships_contains_paid_content":false,"footnotes":""},"categories":[109,47],"tags":[1996],"class_list":["post-18590","post","type-post","status-publish","format-standard","has-post-thumbnail","hentry","category-minuto-a-minuto","category-zona-gris","tag-colectivo-de-organizaciones-ambientalistas-del-estado-de-oaxaca"],"jetpack_featured_media_url":"https:\/\/zonaroja.com.mx\/wp-content\/uploads\/2020\/10\/Arbol-zocalo-Oaxaca.jpg","jetpack_sharing_enabled":true,"_links":{"self":[{"href":"https:\/\/zonaroja.com.mx\/index.php?rest_route=\/wp\/v2\/posts\/18590","targetHints":{"allow":["GET"]}}],"collection":[{"href":"https:\/\/zonaroja.com.mx\/index.php?rest_route=\/wp\/v2\/posts"}],"about":[{"href":"https:\/\/zonaroja.com.mx\/index.php?rest_route=\/wp\/v2\/types\/post"}],"author":[{"embeddable":true,"href":"https:\/\/zonaroja.com.mx\/index.php?rest_route=\/wp\/v2\/users\/2"}],"replies":[{"embeddable":true,"href":"https:\/\/zonaroja.com.mx\/index.php?rest_route=%2Fwp%2Fv2%2Fcomments&post=18590"}],"version-history":[{"count":1,"href":"https:\/\/zonaroja.com.mx\/index.php?rest_route=\/wp\/v2\/posts\/18590\/revisions"}],"predecessor-version":[{"id":18592,"href":"https:\/\/zonaroja.com.mx\/index.php?rest_route=\/wp\/v2\/posts\/18590\/revisions\/18592"}],"wp:featuredmedia":[{"embeddable":true,"href":"https:\/\/zonaroja.com.mx\/index.php?rest_route=\/wp\/v2\/media\/18591"}],"wp:attachment":[{"href":"https:\/\/zonaroja.com.mx\/index.php?rest_route=%2Fwp%2Fv2%2Fmedia&parent=18590"}],"wp:term":[{"taxonomy":"category","embeddable":true,"href":"https:\/\/zonaroja.com.mx\/index.php?rest_route=%2Fwp%2Fv2%2Fcategories&post=18590"},{"taxonomy":"post_tag","embeddable":true,"href":"https:\/\/zonaroja.com.mx\/index.php?rest_route=%2Fwp%2Fv2%2Ftags&post=18590"}],"curies":[{"name":"wp","href":"https:\/\/api.w.org\/{rel}","templated":true}]}}