{"id":18599,"date":"2020-10-09T16:14:03","date_gmt":"2020-10-09T21:14:03","guid":{"rendered":"http:\/\/www.zonaroja.com.mx\/?p=18599"},"modified":"2020-10-09T16:14:07","modified_gmt":"2020-10-09T21:14:07","slug":"hallan-cuerpo-de-persona-ahogada-en-presa-de-la-region-cuenca","status":"publish","type":"post","link":"https:\/\/zonaroja.com.mx\/?p=18599","title":{"rendered":"Hallan cuerpo de persona ahogada en presa de la regi\u00f3n Cuenca"},"content":{"rendered":"\n<p>Redacci\u00f3n\/Zona Roja.<\/p>\n\n\n\n<p>Oaxaca de Ju\u00e1rez, Oax., 9 de octubre de 2020.- A 20 metros de profundidad, entre la orilla de una isla y del municipio de San Pedro Ixcatl\u00e1n, en el paraje conocido como \u201cEl Calvario\u201d, fue localizado hoy el cuerpo de una persona ahogada en la presa \u201cMiguel Alem\u00e1n\u201d.<\/p>\n\n\n\n<p>A trav\u00e9s de un comunicado, la Coordinaci\u00f3n Estatal de Protecci\u00f3n Civil de Oaxaca (CEPCO) dijo que concluy\u00f3 la ma\u00f1ana de este viernes el operativo de b\u00fasqueda de una persona desaparecida en la regi\u00f3n Cuenca del Papaloapan.<\/p>\n\n\n\n<p>Detall\u00f3 que en conjunto con la Secretar\u00eda de Marina, as\u00ed como la Secretar\u00eda de Seguridad P\u00fablica de Oaxaca y el Heroico Cuerpo de Bomberos, se efectuaron los trabajos de localizaci\u00f3n y posterior rescate.<\/p>\n\n\n\n<p>Expuso que tras el reporte de desaparici\u00f3n la tarde del jueves de Santiago D. H., de 55 a\u00f1os de edad, se iniciaron los protocolos de b\u00fasqueda en las que participaron buzos de la Secretar\u00eda de Marina.<\/p>\n\n\n\n<p>Luego del hallazgo y rescate con personal especializado, dio por terminado el operativo que inici\u00f3 la CEPCO con las dependencias estatales y autoridades municipales.<\/p>\n","protected":false},"excerpt":{"rendered":"<p>Redacci\u00f3n\/Zona Roja. Oaxaca de Ju\u00e1rez, Oax., 9 de octubre de 2020.- A 20 metros de&hellip;<\/p>\n","protected":false},"author":2,"featured_media":18600,"comment_status":"closed","ping_status":"open","sticky":false,"template":"","format":"standard","meta":{"_lmt_disableupdate":"","_lmt_disable":"","_jetpack_memberships_contains_paid_content":false,"footnotes":""},"categories":[109,47],"tags":[1043],"class_list":["post-18599","post","type-post","status-publish","format-standard","has-post-thumbnail","hentry","category-minuto-a-minuto","category-zona-gris","tag-san-pedro-ixcatlan"],"jetpack_featured_media_url":"https:\/\/zonaroja.com.mx\/wp-content\/uploads\/2020\/10\/CEPCO-2.jpg","jetpack_sharing_enabled":true,"_links":{"self":[{"href":"https:\/\/zonaroja.com.mx\/index.php?rest_route=\/wp\/v2\/posts\/18599","targetHints":{"allow":["GET"]}}],"collection":[{"href":"https:\/\/zonaroja.com.mx\/index.php?rest_route=\/wp\/v2\/posts"}],"about":[{"href":"https:\/\/zonaroja.com.mx\/index.php?rest_route=\/wp\/v2\/types\/post"}],"author":[{"embeddable":true,"href":"https:\/\/zonaroja.com.mx\/index.php?rest_route=\/wp\/v2\/users\/2"}],"replies":[{"embeddable":true,"href":"https:\/\/zonaroja.com.mx\/index.php?rest_route=%2Fwp%2Fv2%2Fcomments&post=18599"}],"version-history":[{"count":1,"href":"https:\/\/zonaroja.com.mx\/index.php?rest_route=\/wp\/v2\/posts\/18599\/revisions"}],"predecessor-version":[{"id":18601,"href":"https:\/\/zonaroja.com.mx\/index.php?rest_route=\/wp\/v2\/posts\/18599\/revisions\/18601"}],"wp:featuredmedia":[{"embeddable":true,"href":"https:\/\/zonaroja.com.mx\/index.php?rest_route=\/wp\/v2\/media\/18600"}],"wp:attachment":[{"href":"https:\/\/zonaroja.com.mx\/index.php?rest_route=%2Fwp%2Fv2%2Fmedia&parent=18599"}],"wp:term":[{"taxonomy":"category","embeddable":true,"href":"https:\/\/zonaroja.com.mx\/index.php?rest_route=%2Fwp%2Fv2%2Fcategories&post=18599"},{"taxonomy":"post_tag","embeddable":true,"href":"https:\/\/zonaroja.com.mx\/index.php?rest_route=%2Fwp%2Fv2%2Ftags&post=18599"}],"curies":[{"name":"wp","href":"https:\/\/api.w.org\/{rel}","templated":true}]}}