{"id":18602,"date":"2020-10-09T17:03:48","date_gmt":"2020-10-09T22:03:48","guid":{"rendered":"http:\/\/www.zonaroja.com.mx\/?p=18602"},"modified":"2020-10-09T17:16:36","modified_gmt":"2020-10-09T22:16:36","slug":"inedito-policia-de-la-capital-de-oaxaca-asalta-a-funcionaria-de-la-fiscalia","status":"publish","type":"post","link":"https:\/\/zonaroja.com.mx\/?p=18602","title":{"rendered":"In\u00e9dito: Polic\u00eda de la capital de Oaxaca asalta a funcionaria de la Fiscal\u00eda"},"content":{"rendered":"\n<p>Redacci\u00f3n\/Zona Roja. Fotos: Oth\u00f3n Garc\u00eda D.<\/p>\n\n\n\n<p>Oaxaca de Juarez, Oax., 9 de octubre de 2020.- A unos pasos de las oficinas de la Fiscal\u00eda General del Estado de Oaxaca, en el centro de la capital, dos presuntos delincuentes, uno de ellos polic\u00eda municipal, asaltaron a una funcionaria de esa instituci\u00f3n de procuraci\u00f3n de justicia.<\/p>\n\n\n\n<p>Los hechos sucedieron la ma\u00f1ana de hoy en la calle Arista, al sur del Centro Hist\u00f3rico &#8211;zona en que vecinos han denunciado p\u00fablicamente inseguridad, abandono del ayuntamiento, baches, prostituci\u00f3n, entre otros&#8211; cuando la mujer, Directora de Conciliaci\u00f3n, llegaba a su trabajo, al Centro de Atenci\u00f3n Temprana.<\/p>\n\n\n\n<p>Los individuos vestidos de civil la asaltaron y le robaron sus pertenencias, pero ella pidi\u00f3 auxilio de inmediato, por lo cual personal de la Agencia Estatal de Investigaciones sali\u00f3 de inmediato y realiz\u00f3 la aprehensi\u00f3n.<\/p>\n\n\n\n<p>Tras ello, elementos la Polic\u00eda Municipal de la capital arribaron al lugar, para intentar llevarse en calidad de detenidos a su compa\u00f1ero, pero los Agentes de Investigaci\u00f3n ya hab\u00eda actuado.<\/p>\n\n\n\n<figure class=\"wp-block-image size-large\"><img decoding=\"async\" width=\"720\" height=\"630\" src=\"http:\/\/www.zonaroja.com.mx\/wp-content\/uploads\/2020\/10\/Policia-delincuente-2.jpg\" alt=\"\" class=\"wp-image-18603\" srcset=\"https:\/\/zonaroja.com.mx\/wp-content\/uploads\/2020\/10\/Policia-delincuente-2.jpg 720w, https:\/\/zonaroja.com.mx\/wp-content\/uploads\/2020\/10\/Policia-delincuente-2-300x263.jpg 300w, https:\/\/zonaroja.com.mx\/wp-content\/uploads\/2020\/10\/Policia-delincuente-2-585x512.jpg 585w\" sizes=\"(max-width: 720px) 100vw, 720px\" \/><\/figure>\n\n\n\n<p>Los presuntos delincuentes fueron puestos a disposici\u00f3n de la Fiscal\u00eda General del Estado, donde se realizar\u00e1n las investigaciones correspondientes al hecho y determinar si el elemento est\u00e1 involucrado con otros asaltos ejecutados en la ciudad.<\/p>\n\n\n\n<p>El polic\u00eda municipal fue identificado como Edward V. G. M., de 35 a\u00f1os de edad, y quien forma parte del grupo de motociclista de la corporaci\u00f3n municipal, pero con domicilio en el barrio San Jos\u00e9 de la Villa de Zaachila.<\/p>\n\n\n\n<p>Este elemento presuntamente se hab\u00eda reportado enfermo y con Covid, por lo cual se hallaba franco pero deber\u00eda estar resguardado en su domicilio; con anterioridad se hab\u00eda desempe\u00f1ado como elemento del \u00e1rea de inteligencia municipal posteriormente del Grupo de Fuerzas Especiales.<\/p>\n\n\n\n<p>Mientras que el c\u00f3mplice se identific\u00f3 como Rafael R. C. de 29 a\u00f1os de edad, originario de Oaxaca, con domicilio en la colonia Luis Donaldo Colosio, de la agencia municipal de San Mart\u00edn Mexic\u00e1pam.<\/p>\n","protected":false},"excerpt":{"rendered":"<p>Redacci\u00f3n\/Zona Roja. Fotos: Oth\u00f3n Garc\u00eda D. Oaxaca de Juarez, Oax., 9 de octubre de 2020.-&hellip;<\/p>\n","protected":false},"author":2,"featured_media":18604,"comment_status":"closed","ping_status":"open","sticky":false,"template":"","format":"standard","meta":{"_lmt_disableupdate":"","_lmt_disable":"","_jetpack_memberships_contains_paid_content":false,"footnotes":""},"categories":[109,51],"tags":[494],"class_list":["post-18602","post","type-post","status-publish","format-standard","has-post-thumbnail","hentry","category-minuto-a-minuto","category-zona-roja","tag-fiscalia-general-del-estado-de-oaxaca"],"jetpack_featured_media_url":"https:\/\/zonaroja.com.mx\/wp-content\/uploads\/2020\/10\/Policia-delincuente-1.jpg","jetpack_sharing_enabled":true,"_links":{"self":[{"href":"https:\/\/zonaroja.com.mx\/index.php?rest_route=\/wp\/v2\/posts\/18602","targetHints":{"allow":["GET"]}}],"collection":[{"href":"https:\/\/zonaroja.com.mx\/index.php?rest_route=\/wp\/v2\/posts"}],"about":[{"href":"https:\/\/zonaroja.com.mx\/index.php?rest_route=\/wp\/v2\/types\/post"}],"author":[{"embeddable":true,"href":"https:\/\/zonaroja.com.mx\/index.php?rest_route=\/wp\/v2\/users\/2"}],"replies":[{"embeddable":true,"href":"https:\/\/zonaroja.com.mx\/index.php?rest_route=%2Fwp%2Fv2%2Fcomments&post=18602"}],"version-history":[{"count":2,"href":"https:\/\/zonaroja.com.mx\/index.php?rest_route=\/wp\/v2\/posts\/18602\/revisions"}],"predecessor-version":[{"id":18606,"href":"https:\/\/zonaroja.com.mx\/index.php?rest_route=\/wp\/v2\/posts\/18602\/revisions\/18606"}],"wp:featuredmedia":[{"embeddable":true,"href":"https:\/\/zonaroja.com.mx\/index.php?rest_route=\/wp\/v2\/media\/18604"}],"wp:attachment":[{"href":"https:\/\/zonaroja.com.mx\/index.php?rest_route=%2Fwp%2Fv2%2Fmedia&parent=18602"}],"wp:term":[{"taxonomy":"category","embeddable":true,"href":"https:\/\/zonaroja.com.mx\/index.php?rest_route=%2Fwp%2Fv2%2Fcategories&post=18602"},{"taxonomy":"post_tag","embeddable":true,"href":"https:\/\/zonaroja.com.mx\/index.php?rest_route=%2Fwp%2Fv2%2Ftags&post=18602"}],"curies":[{"name":"wp","href":"https:\/\/api.w.org\/{rel}","templated":true}]}}