{"id":18611,"date":"2020-10-09T19:16:45","date_gmt":"2020-10-10T00:16:45","guid":{"rendered":"http:\/\/www.zonaroja.com.mx\/?p=18611"},"modified":"2020-10-09T19:16:48","modified_gmt":"2020-10-10T00:16:48","slug":"llama-diputado-horacio-sosa-a-respetar-la-autonomia-de-la-uabjo","status":"publish","type":"post","link":"https:\/\/zonaroja.com.mx\/?p=18611","title":{"rendered":"Llama diputado Horacio Sosa a respetar la autonom\u00eda de la UABJO"},"content":{"rendered":"\n<p>Redacci\u00f3n\/Zona Roja.<\/p>\n\n\n\n<p>Oaxaca de Ju\u00e1rez, Oax., 9 de octubre de 2020.- El presidente de la Junta de Coordinaci\u00f3n Pol\u00edtica del Congreso local, Horacio Sosa Villavicencio, hizo un llamado respetuoso al Consejo Universitario y al resto de la comunidad de la Universidad Aut\u00f3noma \u00abBenito Ju\u00e1rez\u00bb de Oaxaca (UABJO), a no permitir la intromisi\u00f3n del Gobierno del Estado ni de cualquier otro agente con intereses pol\u00edticos extrauniversitarios, y preservar la autonom\u00eda y la integridad de la m\u00e1xima casa de estudios de los oaxaque\u00f1as.<\/p>\n\n\n\n<p>Lo anterior a fin de honrar la libertad de pensamiento y la capacidad de autodeterminaci\u00f3n que posee la UABJO, ante posibles intereses particulares o de grupo que intenten pasar por encima de los altos principios universitarios.<\/p>\n\n\n\n<p>Sosa Villavicencio expuso que en los \u00faltimos d\u00edas, diversos universitarios notables han hecho del conocimiento p\u00fablico que al interior de la instituci\u00f3n se fragua una conspiraci\u00f3n, con el fin de destituir al actual rector y colocar en su lugar, a una persona incondicional del ex gobernador Jos\u00e9 Murat Casab.<\/p>\n\n\n\n<p>Mencion\u00f3 que de acuerdo con esa informaci\u00f3n p\u00fablica, se acusa que l\u00edderes sindicales se han coludido con el Gobierno del Estado para presionar a integrantes del Honorable Consejo Universitario con el fin de imponer en la Rector\u00eda a Gilberto Gamboa Medina, funcionario menor de la actual administraci\u00f3n estatal, mediante procedimientos no previstos en la Ley Org\u00e1nica y, por tanto, violatorios del marco jur\u00eddico vigente en la entidad y en la propia universidad.<\/p>\n\n\n\n<figure class=\"wp-block-embed-twitter wp-block-embed is-type-rich is-provider-twitter\"><div class=\"wp-block-embed__wrapper\">\n<div class=\"twitter-tweet\"><blockquote class=\"twitter-tweet\" data-lang=\"es\"><p lang=\"es\" dir=\"ltr\">La Universidad Aut\u00f3noma \u201cBenito Ju\u00e1rez\u201d de <a href=\"https:\/\/twitter.com\/hashtag\/Oaxaca?src=hash&amp;ref_src=twsrc%5Etfw\">#Oaxaca<\/a> es patrimonio no s\u00f3lo de la comunidad universitaria, sino de todas las oaxaque\u00f1as y todos los oaxaque\u00f1os, de las presentes y de las futuras generaciones, que tienen esperanza de un mejor porvenir.<\/p>&mdash; Horacio Sosa (@HoracioSosaOax) <a href=\"https:\/\/twitter.com\/HoracioSosaOax\/status\/1314673959774883842?ref_src=twsrc%5Etfw\">9 de octubre de 2020<\/a><\/blockquote><\/div>\n<\/div><\/figure>\n\n\n\n<p>Sostuvo que a lo largo de la historia, las administraciones estatales han buscado el control de la universidad, a la que permanentemente han considerado fuente de recursos econ\u00f3micos y capacidad de movilizaci\u00f3n pol\u00edtica. De esta manera traicionan el profundo sentido y raz\u00f3n de ser de la m\u00e1xima casa de estudios.<\/p>\n\n\n\n<p>El representante popular fue puntual al indicar que la Universidad Aut\u00f3noma \u201cBenito Ju\u00e1rez\u201d de Oaxaca es patrimonio no s\u00f3lo de la comunidad universitaria, sino de todas las oaxaque\u00f1as y los oaxaque\u00f1os, de las presentes y de las futuras generaciones que tienen esperanza de un mejor porvenir.<\/p>\n\n\n\n<p>Lo anterior al conmemorarse el 49 aniversario de la edici\u00f3n n\u00famero 41 del Diario Oficial de la Federaci\u00f3n, de fecha 9 de octubre de 1971, en la cual se public\u00f3 el Decreto emitido por la XLVII Legislatura del Estado, que reform\u00f3 la Ley Org\u00e1nica de la Universidad \u201cBenito Ju\u00e1rez\u201d de Oaxaca, para determinar que en lo sucesivo se le denominar\u00eda Universidad Aut\u00f3noma \u201cBenito Ju\u00e1rez\u201d de Oaxaca.<\/p>\n","protected":false},"excerpt":{"rendered":"<p>Redacci\u00f3n\/Zona Roja. Oaxaca de Ju\u00e1rez, Oax., 9 de octubre de 2020.- El presidente de la&hellip;<\/p>\n","protected":false},"author":2,"featured_media":18612,"comment_status":"closed","ping_status":"open","sticky":false,"template":"","format":"standard","meta":{"_lmt_disableupdate":"","_lmt_disable":"","_jetpack_memberships_contains_paid_content":false,"footnotes":""},"categories":[109,46],"tags":[444],"class_list":["post-18611","post","type-post","status-publish","format-standard","has-post-thumbnail","hentry","category-minuto-a-minuto","category-zona-blanca","tag-horacio-sosa-villavicencio"],"jetpack_featured_media_url":"https:\/\/zonaroja.com.mx\/wp-content\/uploads\/2020\/10\/FOTO-3-Diputado-Horacio-Sosa-Villavicencio-presidente-de-la-Junta-de-Coordinacion-Politica-del-Congreso-Local.jpeg","jetpack_sharing_enabled":true,"_links":{"self":[{"href":"https:\/\/zonaroja.com.mx\/index.php?rest_route=\/wp\/v2\/posts\/18611","targetHints":{"allow":["GET"]}}],"collection":[{"href":"https:\/\/zonaroja.com.mx\/index.php?rest_route=\/wp\/v2\/posts"}],"about":[{"href":"https:\/\/zonaroja.com.mx\/index.php?rest_route=\/wp\/v2\/types\/post"}],"author":[{"embeddable":true,"href":"https:\/\/zonaroja.com.mx\/index.php?rest_route=\/wp\/v2\/users\/2"}],"replies":[{"embeddable":true,"href":"https:\/\/zonaroja.com.mx\/index.php?rest_route=%2Fwp%2Fv2%2Fcomments&post=18611"}],"version-history":[{"count":1,"href":"https:\/\/zonaroja.com.mx\/index.php?rest_route=\/wp\/v2\/posts\/18611\/revisions"}],"predecessor-version":[{"id":18613,"href":"https:\/\/zonaroja.com.mx\/index.php?rest_route=\/wp\/v2\/posts\/18611\/revisions\/18613"}],"wp:featuredmedia":[{"embeddable":true,"href":"https:\/\/zonaroja.com.mx\/index.php?rest_route=\/wp\/v2\/media\/18612"}],"wp:attachment":[{"href":"https:\/\/zonaroja.com.mx\/index.php?rest_route=%2Fwp%2Fv2%2Fmedia&parent=18611"}],"wp:term":[{"taxonomy":"category","embeddable":true,"href":"https:\/\/zonaroja.com.mx\/index.php?rest_route=%2Fwp%2Fv2%2Fcategories&post=18611"},{"taxonomy":"post_tag","embeddable":true,"href":"https:\/\/zonaroja.com.mx\/index.php?rest_route=%2Fwp%2Fv2%2Ftags&post=18611"}],"curies":[{"name":"wp","href":"https:\/\/api.w.org\/{rel}","templated":true}]}}