{"id":18615,"date":"2020-10-09T21:10:29","date_gmt":"2020-10-10T02:10:29","guid":{"rendered":"http:\/\/www.zonaroja.com.mx\/?p=18615"},"modified":"2020-10-09T21:10:37","modified_gmt":"2020-10-10T02:10:37","slug":"corredor-interoceanico-beneficiara-a-2-5-millones-de-habitantes-en-el-istmo","status":"publish","type":"post","link":"https:\/\/zonaroja.com.mx\/?p=18615","title":{"rendered":"Corredor Interoce\u00e1nico beneficiar\u00e1 a 2.5 millones de habitantes en el Istmo"},"content":{"rendered":"\n<p>Yuridiana Sosa\/Zona Roja.<\/p>\n\n\n\n<p>Oaxaca de Ju\u00e1rez, Oax., 9 de octubre de 2020.- La creaci\u00f3n del Corredor Interoce\u00e1nico del Istmo de Tehuantepec es un proyecto que no debe detenerse a\u00fan en la contingencia de Covid-19, mismo que beneficiar\u00e1 a m\u00e1s de 40 municipios oaxaque\u00f1os en la regi\u00f3n del Istmo, se\u00f1al\u00f3 el director general del proyecto, Rafael Mar\u00edn Mollinedo.<\/p>\n\n\n\n<p>El funcionario federal estuvo en esta capital para instalar la Comisi\u00f3n Intersecretarial del Estado de Oaxaca ante el Proyecto del Corredor Interoce\u00e1nico del Istmo de Tehuantepec, donde enfatiz\u00f3 que el pr\u00f3ximo a\u00f1o, a partir de abril, se tiene programado el inicio de operaciones en una parte de la v\u00eda f\u00e9rrea.<\/p>\n\n\n\n<p>Con el proyecto, dijo, se beneficiar\u00e1n 2.5 millones de habitantes de esta zona del pa\u00eds, 43 municipios de Oaxaca y 33 en Veracruz, con el impulso de la actividad econ\u00f3mica en sus diferentes sectores, entre estos la agricultura, el ganadero y pesquero, para las cuales ya se dise\u00f1an los programas de desarrollo.<\/p>\n\n\n\n<p>\u201cHemos tratado que la pandemia no nos afecte en las obras, porque son obras que se tiene que ejecutar\u201d, enfatiz\u00f3 el funcionario al detallar que se est\u00e1n remplazando todas las v\u00edas, y los trabajos que comenzaron en marzo en tramos que corresponde a Salina Cruz, en abril podr\u00edan concluir para ponerse en operaciones.<\/p>\n\n\n\n<figure class=\"wp-block-embed-twitter wp-block-embed is-type-rich is-provider-twitter\"><div class=\"wp-block-embed__wrapper\">\n<div class=\"twitter-tweet\"><blockquote class=\"twitter-tweet\" data-lang=\"es\"><p lang=\"es\" dir=\"ltr\"><a href=\"https:\/\/twitter.com\/hashtag\/%C3%9AltimoMinuto?src=hash&amp;ref_src=twsrc%5Etfw\">#\u00daltimoMinuto<\/a> <br>En el Palacio de Gobierno, el titular del Corredor Transoce\u00e1nico del Istmo, Rafael Mar\u00edn, y el gobernador <a href=\"https:\/\/twitter.com\/alejandromurat?ref_src=twsrc%5Etfw\">@alejandromurat<\/a>, presiden la instalaci\u00f3n de la Comisi\u00f3n Intersecretarial del Estado de Oaxaca. <a href=\"https:\/\/t.co\/yYNIZEKYX0\">pic.twitter.com\/yYNIZEKYX0<\/a><\/p>&mdash; Zona Roja Oaxaca (@MexRoja) <a href=\"https:\/\/twitter.com\/MexRoja\/status\/1314627296502968321?ref_src=twsrc%5Etfw\">9 de octubre de 2020<\/a><\/blockquote><\/div>\n<\/div><\/figure>\n\n\n\n<p>Por su parte, el gobernador del estado, Alejandro Murat, dijo que durante el 2020 el gobierno federal ha invertido en Oaxaca siete mil millones de pesos para la infraestructura del Corredor Interoce\u00e1nico, adem\u00e1s, de las inversiones que contin\u00faan para la conclusi\u00f3n de las s\u00faper carreteras a la Costa y al Istmo.<\/p>\n\n\n\n<p>La Comisi\u00f3n Intersecretarial est\u00e1 integrada por miembros del gabinete estatal y sus facultades son conocer y resolver los asuntos que sean sometidos a su consideraci\u00f3n; analizar, aprobar e implementar las pol\u00edticas gubernamentales para el cumplimiento del objetivo del proyecto del Corredor.<\/p>\n\n\n\n<p>Asimismo, proponer y propiciar la colaboraci\u00f3n de organismos p\u00fablicos, privados, nacionales y extranjeros en el desarrollo del objetivo de la Comisi\u00f3n, y vigilar los acuerdos de este \u00f3rgano.<\/p>\n\n\n\n<p>Hasta el momento el gobierno del Presidente Andr\u00e9s Manuel L\u00f3pez Obrador ha celebrado cinco contratos de obra y uno de supervisi\u00f3n; se invierten tres mil 133 millones de pesos y los trabajos se prev\u00e9n concluir en noviembre del a\u00f1o 2021.<\/p>\n","protected":false},"excerpt":{"rendered":"<p>Yuridiana Sosa\/Zona Roja. Oaxaca de Ju\u00e1rez, Oax., 9 de octubre de 2020.- La creaci\u00f3n del&hellip;<\/p>\n","protected":false},"author":2,"featured_media":18616,"comment_status":"closed","ping_status":"open","sticky":false,"template":"","format":"standard","meta":{"_lmt_disableupdate":"","_lmt_disable":"","_jetpack_memberships_contains_paid_content":false,"footnotes":""},"categories":[109,47],"tags":[1068],"class_list":["post-18615","post","type-post","status-publish","format-standard","has-post-thumbnail","hentry","category-minuto-a-minuto","category-zona-gris","tag-corredor-transistmico"],"jetpack_featured_media_url":"https:\/\/zonaroja.com.mx\/wp-content\/uploads\/2020\/10\/Comision-Interoceanico.jpg","jetpack_sharing_enabled":true,"_links":{"self":[{"href":"https:\/\/zonaroja.com.mx\/index.php?rest_route=\/wp\/v2\/posts\/18615","targetHints":{"allow":["GET"]}}],"collection":[{"href":"https:\/\/zonaroja.com.mx\/index.php?rest_route=\/wp\/v2\/posts"}],"about":[{"href":"https:\/\/zonaroja.com.mx\/index.php?rest_route=\/wp\/v2\/types\/post"}],"author":[{"embeddable":true,"href":"https:\/\/zonaroja.com.mx\/index.php?rest_route=\/wp\/v2\/users\/2"}],"replies":[{"embeddable":true,"href":"https:\/\/zonaroja.com.mx\/index.php?rest_route=%2Fwp%2Fv2%2Fcomments&post=18615"}],"version-history":[{"count":1,"href":"https:\/\/zonaroja.com.mx\/index.php?rest_route=\/wp\/v2\/posts\/18615\/revisions"}],"predecessor-version":[{"id":18617,"href":"https:\/\/zonaroja.com.mx\/index.php?rest_route=\/wp\/v2\/posts\/18615\/revisions\/18617"}],"wp:featuredmedia":[{"embeddable":true,"href":"https:\/\/zonaroja.com.mx\/index.php?rest_route=\/wp\/v2\/media\/18616"}],"wp:attachment":[{"href":"https:\/\/zonaroja.com.mx\/index.php?rest_route=%2Fwp%2Fv2%2Fmedia&parent=18615"}],"wp:term":[{"taxonomy":"category","embeddable":true,"href":"https:\/\/zonaroja.com.mx\/index.php?rest_route=%2Fwp%2Fv2%2Fcategories&post=18615"},{"taxonomy":"post_tag","embeddable":true,"href":"https:\/\/zonaroja.com.mx\/index.php?rest_route=%2Fwp%2Fv2%2Ftags&post=18615"}],"curies":[{"name":"wp","href":"https:\/\/api.w.org\/{rel}","templated":true}]}}