{"id":18621,"date":"2020-10-09T22:17:07","date_gmt":"2020-10-10T03:17:07","guid":{"rendered":"http:\/\/www.zonaroja.com.mx\/?p=18621"},"modified":"2020-10-09T22:17:11","modified_gmt":"2020-10-10T03:17:11","slug":"rompe-record-oaxaca-con-705-casos-positivos-a-covid","status":"publish","type":"post","link":"https:\/\/zonaroja.com.mx\/?p=18621","title":{"rendered":"Rompe r\u00e9cord Oaxaca, con 705 casos positivos a Covid"},"content":{"rendered":"\n<p>Redacci\u00f3n\/Zona Roja.<\/p>\n\n\n\n<p>Oaxaca de Ju\u00e1rez, Oax. 9 de octubre de 2020.- Los Servicios de Salud de Oaxaca (SSO) reportaron este viernes el registro de 705 casos positivos a Covid-19, para sumar 18 mil 694 casos acumulados, y ocho fallecimientos, para un total de mil 503 defunciones.<\/p>\n\n\n\n<p>No obstante, dijo que la cifra resulta luego que el Gobierno Federal realizara un ajuste del lineamiento estandarizado de vigilancia epidemiol\u00f3gica y con el objetivo de tener un mejor acercamiento al comportamiento de la pandemia en el pa\u00eds, \u201cy a partir de la inclusi\u00f3n de casos positivos por asociaci\u00f3n epidemiol\u00f3gica, que incluye casos sospechosos con y sin muestra\u201d.<\/p>\n\n\n\n<p>En un comunicado, inform\u00f3 que se han notificado 29 mil 993 casos, de los cuales ocho mil 39 han sido negativos, tres mil 260 son sospechosos en espera de resultados por laboratorio, 16 mil 303 se han recuperado y siete decesos que suman mil 503 defunciones.<\/p>\n\n\n\n<p>Agreg\u00f3 que la Jurisdicci\u00f3n Sanitaria n\u00famero uno Valles Centrales contabiliza 12 mil 460 casos confirmados y 738 defunciones, Istmo mil 815 y 281 decesos, Tuxtepec mil 789 y 245 muertes, Mixteca mil 269 y 113 fallecimientos, Costa 905 y 79 defunciones y la Sierra 456 y 47 decesos.<\/p>\n\n\n\n<p>Sostuvo que los 705 casos nuevos se distribuyen en 132 municipios de la entidad, siendo los que mayor n\u00famero de casos presentan, el de Oaxaca de Ju\u00e1rez con 185, Santa Cruz Xoxocotl\u00e1n 30, Santiago Pinotepa Nacional 29, Salina Cruz 27, San Juan Bautista Tuxtepec 26, Santa Luc\u00eda del Camino 25, Huajuapan de Le\u00f3n 15, Miahuatl\u00e1n de Porfirio D\u00edaz 14, San Pablo Etla 13, San Pedro Pochutla 12.<\/p>\n\n\n\n<figure class=\"wp-block-embed-twitter wp-block-embed is-type-rich is-provider-twitter\"><div class=\"wp-block-embed__wrapper\">\n<div class=\"twitter-tweet\"><blockquote class=\"twitter-tweet\" data-lang=\"es\"><p lang=\"es\" dir=\"ltr\">Informe de la Secretar\u00eda de Salud por COVID-19 Oaxaca del 09 de octubre, en torno a la pandemia, para conocer las acciones implementadas diariamente en la entidad oaxaque\u00f1a. <a href=\"https:\/\/t.co\/mHIRJogoqg\">pic.twitter.com\/mHIRJogoqg<\/a><\/p>&mdash; Donato Casas E. (@Donato_Casas) <a href=\"https:\/\/twitter.com\/Donato_Casas\/status\/1314741299363434498?ref_src=twsrc%5Etfw\">10 de octubre de 2020<\/a><\/blockquote><\/div>\n<\/div><\/figure>\n\n\n\n<p>Loma Bonita, San Lucas Ojitl\u00e1n y Santa Catarina Juquila 11 cada uno, Villa de Zaachila, Santa Mar\u00eda Atzompa, San Pedro Mixtepec y Villa de Etla 10 cada uno, San Sebasti\u00e1n Tutla y Tlacolula de Matamoros nueve cada uno; el resto ocho, siete, cinco, cuatro, tres, dos y un caso.<\/p>\n\n\n\n<p>Se\u00f1al\u00f3 que hay 852 casos activos, la Jurisdicci\u00f3n Sanitaria n\u00famero uno Valles Centrales registra 636, Mixteca 68, Costa 48, Sierra 39, Istmo 38 y Tuxtepec 23.<\/p>\n\n\n\n<p>Expuso que en relaci\u00f3n a la ocupaci\u00f3n hospitalaria con atenci\u00f3n para pacientes COVID, hoy se registr\u00f3 un 39.8% global, de los cuales el 46.1 % sin ventilador y 27.9% con ventilador.<\/p>\n\n\n\n<p>Finalmente, dijo que es importante se\u00f1alar que tenemos la responsabilidad de no bajar la guardia, seguir las medidas decretadas por parte de la Secretar\u00eda de Salud Federal y Estatal, usar el cubrebocas y evitar acudir a lugares cerrados, as\u00ed como el lavado de manos; \u201ces importante realizar esto con responsabilidad social, as\u00ed todos podemos prevenir esta infecci\u00f3n\u201d.<\/p>\n","protected":false},"excerpt":{"rendered":"<p>Redacci\u00f3n\/Zona Roja. Oaxaca de Ju\u00e1rez, Oax. 9 de octubre de 2020.- Los Servicios de Salud&hellip;<\/p>\n","protected":false},"author":2,"featured_media":18622,"comment_status":"closed","ping_status":"open","sticky":false,"template":"","format":"standard","meta":{"_lmt_disableupdate":"","_lmt_disable":"","_jetpack_memberships_contains_paid_content":false,"footnotes":""},"categories":[109,47],"tags":[1512],"class_list":["post-18621","post","type-post","status-publish","format-standard","has-post-thumbnail","hentry","category-minuto-a-minuto","category-zona-gris","tag-coronavirus-oaxaca"],"jetpack_featured_media_url":"https:\/\/zonaroja.com.mx\/wp-content\/uploads\/2020\/10\/Salud-9oct.jpg","jetpack_sharing_enabled":true,"_links":{"self":[{"href":"https:\/\/zonaroja.com.mx\/index.php?rest_route=\/wp\/v2\/posts\/18621","targetHints":{"allow":["GET"]}}],"collection":[{"href":"https:\/\/zonaroja.com.mx\/index.php?rest_route=\/wp\/v2\/posts"}],"about":[{"href":"https:\/\/zonaroja.com.mx\/index.php?rest_route=\/wp\/v2\/types\/post"}],"author":[{"embeddable":true,"href":"https:\/\/zonaroja.com.mx\/index.php?rest_route=\/wp\/v2\/users\/2"}],"replies":[{"embeddable":true,"href":"https:\/\/zonaroja.com.mx\/index.php?rest_route=%2Fwp%2Fv2%2Fcomments&post=18621"}],"version-history":[{"count":1,"href":"https:\/\/zonaroja.com.mx\/index.php?rest_route=\/wp\/v2\/posts\/18621\/revisions"}],"predecessor-version":[{"id":18623,"href":"https:\/\/zonaroja.com.mx\/index.php?rest_route=\/wp\/v2\/posts\/18621\/revisions\/18623"}],"wp:featuredmedia":[{"embeddable":true,"href":"https:\/\/zonaroja.com.mx\/index.php?rest_route=\/wp\/v2\/media\/18622"}],"wp:attachment":[{"href":"https:\/\/zonaroja.com.mx\/index.php?rest_route=%2Fwp%2Fv2%2Fmedia&parent=18621"}],"wp:term":[{"taxonomy":"category","embeddable":true,"href":"https:\/\/zonaroja.com.mx\/index.php?rest_route=%2Fwp%2Fv2%2Fcategories&post=18621"},{"taxonomy":"post_tag","embeddable":true,"href":"https:\/\/zonaroja.com.mx\/index.php?rest_route=%2Fwp%2Fv2%2Ftags&post=18621"}],"curies":[{"name":"wp","href":"https:\/\/api.w.org\/{rel}","templated":true}]}}