{"id":18624,"date":"2020-10-10T07:51:25","date_gmt":"2020-10-10T12:51:25","guid":{"rendered":"http:\/\/www.zonaroja.com.mx\/?p=18624"},"modified":"2020-10-10T07:51:30","modified_gmt":"2020-10-10T12:51:30","slug":"confirman-el-asesinato-de-una-persona-en-asuncion-ixtaltepec-oaxaca","status":"publish","type":"post","link":"https:\/\/zonaroja.com.mx\/?p=18624","title":{"rendered":"Confirman el asesinato de una persona en Asunci\u00f3n Ixtaltepec, Oaxaca"},"content":{"rendered":"\n<p>Redacci\u00f3n\/Zona Roja.<\/p>\n\n\n\n<p>Oaxaca de Ju\u00e1rez, Oax., 10 de octubre de 2020.- Autoridades de la Fiscal\u00eda General del Estado de Oaxaca confirmaron el asesinato de una persona, en Asunci\u00f3n Ixtaltepec, regi\u00f3n del Istmo.<\/p>\n\n\n\n<p>De acuerdo con los datos proporcionados, el crimen se perpetr\u00f3 la noche del jueves en la comunidad de Chivixhuyo y el cuerpo de la v\u00edctima, con varios disparos de arma de fuego, fue localizado junto a un plantel educativo.<\/p>\n\n\n\n<p>Entre otros, presentaba un impacto de arma de fuego en la cabeza, por lo que se presume una ejecuci\u00f3n; el hoy occiso fue identificado como Aquiles Cruz Z., de 33 a\u00f1os de edad.<\/p>\n\n\n\n<p>Seg\u00fan sus familiares, el hombre no ten\u00eda ning\u00fan problema con nadie y se dirig\u00eda a sus labores del campo cuando fue atacado a balazos, hasta el momento por personas desconocidas.<\/p>\n\n\n\n<p>La Vicefiscal\u00eda Regional del Istmo inici\u00f3 la Carpeta de Investigaci\u00f3n correspondiente.<\/p>\n","protected":false},"excerpt":{"rendered":"<p>Redacci\u00f3n\/Zona Roja. Oaxaca de Ju\u00e1rez, Oax., 10 de octubre de 2020.- Autoridades de la Fiscal\u00eda&hellip;<\/p>\n","protected":false},"author":2,"featured_media":18319,"comment_status":"closed","ping_status":"open","sticky":false,"template":"","format":"standard","meta":{"_lmt_disableupdate":"","_lmt_disable":"","_jetpack_memberships_contains_paid_content":false,"footnotes":""},"categories":[109,51],"tags":[1821],"class_list":["post-18624","post","type-post","status-publish","format-standard","has-post-thumbnail","hentry","category-minuto-a-minuto","category-zona-roja","tag-asuncion-ixtaltepec"],"jetpack_featured_media_url":"https:\/\/zonaroja.com.mx\/wp-content\/uploads\/2020\/10\/Escena-del-crimen3.jpg","jetpack_sharing_enabled":true,"_links":{"self":[{"href":"https:\/\/zonaroja.com.mx\/index.php?rest_route=\/wp\/v2\/posts\/18624","targetHints":{"allow":["GET"]}}],"collection":[{"href":"https:\/\/zonaroja.com.mx\/index.php?rest_route=\/wp\/v2\/posts"}],"about":[{"href":"https:\/\/zonaroja.com.mx\/index.php?rest_route=\/wp\/v2\/types\/post"}],"author":[{"embeddable":true,"href":"https:\/\/zonaroja.com.mx\/index.php?rest_route=\/wp\/v2\/users\/2"}],"replies":[{"embeddable":true,"href":"https:\/\/zonaroja.com.mx\/index.php?rest_route=%2Fwp%2Fv2%2Fcomments&post=18624"}],"version-history":[{"count":1,"href":"https:\/\/zonaroja.com.mx\/index.php?rest_route=\/wp\/v2\/posts\/18624\/revisions"}],"predecessor-version":[{"id":18625,"href":"https:\/\/zonaroja.com.mx\/index.php?rest_route=\/wp\/v2\/posts\/18624\/revisions\/18625"}],"wp:featuredmedia":[{"embeddable":true,"href":"https:\/\/zonaroja.com.mx\/index.php?rest_route=\/wp\/v2\/media\/18319"}],"wp:attachment":[{"href":"https:\/\/zonaroja.com.mx\/index.php?rest_route=%2Fwp%2Fv2%2Fmedia&parent=18624"}],"wp:term":[{"taxonomy":"category","embeddable":true,"href":"https:\/\/zonaroja.com.mx\/index.php?rest_route=%2Fwp%2Fv2%2Fcategories&post=18624"},{"taxonomy":"post_tag","embeddable":true,"href":"https:\/\/zonaroja.com.mx\/index.php?rest_route=%2Fwp%2Fv2%2Ftags&post=18624"}],"curies":[{"name":"wp","href":"https:\/\/api.w.org\/{rel}","templated":true}]}}