{"id":18626,"date":"2020-10-10T08:02:45","date_gmt":"2020-10-10T13:02:45","guid":{"rendered":"http:\/\/www.zonaroja.com.mx\/?p=18626"},"modified":"2020-10-10T08:02:50","modified_gmt":"2020-10-10T13:02:50","slug":"buscan-que-haya-responsabilidades-igualitarias-de-hombres-y-mujeres-en-el-hogar","status":"publish","type":"post","link":"https:\/\/zonaroja.com.mx\/?p=18626","title":{"rendered":"Buscan que haya responsabilidades igualitarias de hombres y mujeres en el hogar"},"content":{"rendered":"\n<p>Evlin Arag\u00f3n\/Zona Roja.<\/p>\n\n\n\n<p>Oaxaca de Ju\u00e1rez, Oax., 10 de octubre de 2020.- La diputada local por Morena, Elisa Zepeda Lagunas, present\u00f3 un Punto de Acuerdo a fin de que se consideren responsabilidades igualitarias de hombres y mujeres en el hogar, as\u00ed como de una paternidad responsable de forma activa en Oaxaca.&nbsp;<\/p>\n\n\n\n<p>Lo anterior en el marco de la primera sesi\u00f3n de la Diputaci\u00f3n Permanente del Congreso local que ella preside, en donde asegur\u00f3 que es necesario construir un marco legal que garantice el cumplimiento derivado de los deberes de la paternidad, tomando como base la frecuencia en la que los padres evaden su responsabilidad bajo los m\u00e1s diversos argumentos.&nbsp;<\/p>\n\n\n\n<p>Zepeda Lagunas indic\u00f3 que ser\u00eda el Sistema de Protecci\u00f3n de Ni\u00f1as, Ni\u00f1os y Adolescentes el encargado de aplicar la ley, en caso de ser aprobada, estableciendo los mecanismos necesarios para ejercer la paternidad responsable, bas\u00e1ndose en un proceso consiente y voluntario de los varones.&nbsp;<\/p>\n\n\n\n<p>\u201cLa paternidad debe dejar de ser vista como una acci\u00f3n que somete al hombre a roles que est\u00e1n construidos para las mujeres, pues no se trata de roles sino de un ejercicio que fortalece lazos entre los varones y sus descendientes\u201d, refiri\u00f3.&nbsp;<\/p>\n\n\n\n<p>De acuerdo con la legisladora, es importante que las nuevas generaciones cuenten con una paternidad activa que contribuya en su formaci\u00f3n ya que su presencia impacta positivamente en el desarrollo psicosocial de sus hijas e hijos, por ello ya se promueven pol\u00edticas p\u00fablicas en Am\u00e9rica Latina al respecto.&nbsp;<\/p>\n\n\n\n<p>\u201cAlgunas fuentes doctrinales han sostenido que cuando los padres tienen una presencia de calidad en la vida de sus hijas e hijos estos tienden a desarrollarse mejor en diferentes \u00e1reas tales como: salud f\u00edsica y mental, motivaci\u00f3n al estudio, rendimiento acad\u00e9mico, desarrollo cognitivo y habilidades sociales, presentan una mayor autoestima y mayor tolerancia al estr\u00e9s\u201d.<\/p>\n\n\n\n<p>Lo anterior, dijo, no obliga a los varones a cohabitar con sus descendientes, sino a formar parte de su educaci\u00f3n y cuidado de formar responsables desde la ni\u00f1ez a la adultez, lo anterior reducir\u00eda la carga que se centra en las madres de familia quienes pese a contar con otras tareas deben atender al cien por ciento las labores del hogar.&nbsp;<\/p>\n\n\n\n<p>Finalmente, Zepeda Lagunas aprovech\u00f3 la tribuna para manifestar que la familia sigue siendo fundamental en la formaci\u00f3n de ni\u00f1as y ni\u00f1os, por lo que la paternidad debe ser asumida con responsabilidad y no s\u00f3lo como una opci\u00f3n a conveniencia.<\/p>\n\n\n\n<p>As\u00ed mismo detall\u00f3 que el ejercicio de la autoridad como las tareas dom\u00e9sticas, de cuidado y crianza de las hijas e hijos deben ser compartidas entre madres y padres, mediante una visi\u00f3n de corresponsabilidad que debe asumirse en las sociedades actuales.<\/p>\n","protected":false},"excerpt":{"rendered":"<p>Evlin Arag\u00f3n\/Zona Roja. Oaxaca de Ju\u00e1rez, Oax., 10 de octubre de 2020.- La diputada local&hellip;<\/p>\n","protected":false},"author":2,"featured_media":18627,"comment_status":"closed","ping_status":"open","sticky":false,"template":"","format":"standard","meta":{"_lmt_disableupdate":"","_lmt_disable":"","_jetpack_memberships_contains_paid_content":false,"footnotes":""},"categories":[109,46],"tags":[215],"class_list":["post-18626","post","type-post","status-publish","format-standard","has-post-thumbnail","hentry","category-minuto-a-minuto","category-zona-blanca","tag-elisa-zepeda-lagunas"],"jetpack_featured_media_url":"https:\/\/zonaroja.com.mx\/wp-content\/uploads\/2020\/10\/Elisa-Zepeda-L.jpg","jetpack_sharing_enabled":true,"_links":{"self":[{"href":"https:\/\/zonaroja.com.mx\/index.php?rest_route=\/wp\/v2\/posts\/18626","targetHints":{"allow":["GET"]}}],"collection":[{"href":"https:\/\/zonaroja.com.mx\/index.php?rest_route=\/wp\/v2\/posts"}],"about":[{"href":"https:\/\/zonaroja.com.mx\/index.php?rest_route=\/wp\/v2\/types\/post"}],"author":[{"embeddable":true,"href":"https:\/\/zonaroja.com.mx\/index.php?rest_route=\/wp\/v2\/users\/2"}],"replies":[{"embeddable":true,"href":"https:\/\/zonaroja.com.mx\/index.php?rest_route=%2Fwp%2Fv2%2Fcomments&post=18626"}],"version-history":[{"count":1,"href":"https:\/\/zonaroja.com.mx\/index.php?rest_route=\/wp\/v2\/posts\/18626\/revisions"}],"predecessor-version":[{"id":18628,"href":"https:\/\/zonaroja.com.mx\/index.php?rest_route=\/wp\/v2\/posts\/18626\/revisions\/18628"}],"wp:featuredmedia":[{"embeddable":true,"href":"https:\/\/zonaroja.com.mx\/index.php?rest_route=\/wp\/v2\/media\/18627"}],"wp:attachment":[{"href":"https:\/\/zonaroja.com.mx\/index.php?rest_route=%2Fwp%2Fv2%2Fmedia&parent=18626"}],"wp:term":[{"taxonomy":"category","embeddable":true,"href":"https:\/\/zonaroja.com.mx\/index.php?rest_route=%2Fwp%2Fv2%2Fcategories&post=18626"},{"taxonomy":"post_tag","embeddable":true,"href":"https:\/\/zonaroja.com.mx\/index.php?rest_route=%2Fwp%2Fv2%2Ftags&post=18626"}],"curies":[{"name":"wp","href":"https:\/\/api.w.org\/{rel}","templated":true}]}}