{"id":18629,"date":"2020-10-10T08:13:04","date_gmt":"2020-10-10T13:13:04","guid":{"rendered":"http:\/\/www.zonaroja.com.mx\/?p=18629"},"modified":"2020-10-10T08:14:05","modified_gmt":"2020-10-10T13:14:05","slug":"policia-detenido-por-ladron-era-certificado-y-tenia-incapacidad-medica","status":"publish","type":"post","link":"https:\/\/zonaroja.com.mx\/?p=18629","title":{"rendered":"Polic\u00eda detenido por ladr\u00f3n, era certificado y ten\u00eda incapacidad m\u00e9dica"},"content":{"rendered":"\n<p>Redacci\u00f3n\/Zona Roja.<\/p>\n\n\n\n<p>Oaxaca de Ju\u00e1rez, Oax., 10 de octubre de 2020.- EL polic\u00eda municipal de Oaxaca de Ju\u00e1rez detenido ayer acusado de robo a una funcionaria de la Fiscal\u00eda General del Estado de Oaxaca, cumpl\u00eda con su examen de control de confianza, y adem\u00e1s presuntamente estaba enfermo, pues present\u00f3 incapacidades m\u00e9dicas.<\/p>\n\n\n\n<p>De acuerdo con un comunicado del ayuntamiento, el elemento (Edward V. G. M.) no se encontraba en funciones, al momento de cometer el delito, ayer por la ma\u00f1ana, en la calle Arista del centro de la ciudad capital.<\/p>\n\n\n\n<p>\u201cAl momento de ser detenido por Agentes Estatales de Investigaci\u00f3n, dependientes de la Fiscal\u00eda General de Oaxaca, el polic\u00eda municipal se encontraba fuera de servicio a causa de una incapacidad por enfermedad, seg\u00fan consta en documentos en poder de la Direcci\u00f3n de Seguridad P\u00fablica, Vialidad y Protecci\u00f3n Ciudadana.<\/p>\n\n\n\n<p>\u201cDel 28 de septiembre al 4 de octubre del presente a\u00f1o, el uniformado present\u00f3 su primer certificado de incapacidad temporal, expedido por el Instituto Mexicano del Seguro Social (IMSS). Mientras que el 5 de octubre present\u00f3 la segunda incapacidad, la cual presenta como fecha de vencimiento el 1 de noviembre del a\u00f1o en curso.<\/p>\n\n\n\n<p>\u201cA la fecha, el elemento cuenta con la evaluaci\u00f3n de control de confianza vigente y con resultado aprobatorio, aplicada por el Centro Estatal de Evaluaci\u00f3n y Control de Confianza de Oaxaca (C3), dependiente del Secretariado Ejecutivo del Sistema Estatal de Seguridad P\u00fablica\u201d, expuso en el bolet\u00edn.<\/p>\n\n\n\n<p>Indic\u00f3 que que el \u00e1rea de Asuntos Internos iniciar\u00e1 un legajo de investigaci\u00f3n para determinar responsabilidades administrativas al polic\u00eda municipal, adem\u00e1s de que colaborar\u00e1 con la Fiscal\u00eda en lo que les sea requerido.<\/p>\n","protected":false},"excerpt":{"rendered":"<p>Redacci\u00f3n\/Zona Roja. Oaxaca de Ju\u00e1rez, Oax., 10 de octubre de 2020.- EL polic\u00eda municipal de&hellip;<\/p>\n","protected":false},"author":2,"featured_media":18603,"comment_status":"closed","ping_status":"open","sticky":false,"template":"","format":"standard","meta":{"_lmt_disableupdate":"","_lmt_disable":"","_jetpack_memberships_contains_paid_content":false,"footnotes":""},"categories":[109,47],"tags":[148,2088],"class_list":["post-18629","post","type-post","status-publish","format-standard","has-post-thumbnail","hentry","category-minuto-a-minuto","category-zona-gris","tag-oaxaca-de-juarez","tag-policia-asaltante-ciudad-de-oaxaca"],"jetpack_featured_media_url":"https:\/\/zonaroja.com.mx\/wp-content\/uploads\/2020\/10\/Policia-delincuente-2.jpg","jetpack_sharing_enabled":true,"_links":{"self":[{"href":"https:\/\/zonaroja.com.mx\/index.php?rest_route=\/wp\/v2\/posts\/18629","targetHints":{"allow":["GET"]}}],"collection":[{"href":"https:\/\/zonaroja.com.mx\/index.php?rest_route=\/wp\/v2\/posts"}],"about":[{"href":"https:\/\/zonaroja.com.mx\/index.php?rest_route=\/wp\/v2\/types\/post"}],"author":[{"embeddable":true,"href":"https:\/\/zonaroja.com.mx\/index.php?rest_route=\/wp\/v2\/users\/2"}],"replies":[{"embeddable":true,"href":"https:\/\/zonaroja.com.mx\/index.php?rest_route=%2Fwp%2Fv2%2Fcomments&post=18629"}],"version-history":[{"count":1,"href":"https:\/\/zonaroja.com.mx\/index.php?rest_route=\/wp\/v2\/posts\/18629\/revisions"}],"predecessor-version":[{"id":18630,"href":"https:\/\/zonaroja.com.mx\/index.php?rest_route=\/wp\/v2\/posts\/18629\/revisions\/18630"}],"wp:featuredmedia":[{"embeddable":true,"href":"https:\/\/zonaroja.com.mx\/index.php?rest_route=\/wp\/v2\/media\/18603"}],"wp:attachment":[{"href":"https:\/\/zonaroja.com.mx\/index.php?rest_route=%2Fwp%2Fv2%2Fmedia&parent=18629"}],"wp:term":[{"taxonomy":"category","embeddable":true,"href":"https:\/\/zonaroja.com.mx\/index.php?rest_route=%2Fwp%2Fv2%2Fcategories&post=18629"},{"taxonomy":"post_tag","embeddable":true,"href":"https:\/\/zonaroja.com.mx\/index.php?rest_route=%2Fwp%2Fv2%2Ftags&post=18629"}],"curies":[{"name":"wp","href":"https:\/\/api.w.org\/{rel}","templated":true}]}}