{"id":18634,"date":"2020-10-10T12:06:05","date_gmt":"2020-10-10T17:06:05","guid":{"rendered":"http:\/\/www.zonaroja.com.mx\/?p=18634"},"modified":"2020-10-10T12:06:09","modified_gmt":"2020-10-10T17:06:09","slug":"ex-rectores-catedraticos-e-intelectuales-llaman-a-defender-autonomia-de-la-uabjo","status":"publish","type":"post","link":"https:\/\/zonaroja.com.mx\/?p=18634","title":{"rendered":"Ex rectores, catedr\u00e1ticos e intelectuales llaman a defender autonom\u00eda de la UABJO"},"content":{"rendered":"\n<p>Evlin Arag\u00f3n\/Zona Roja.<\/p>\n\n\n\n<p>Oaxaca de Ju\u00e1rez, Oax., 10 de octubre de 2020.- Ex rectores, acad\u00e9micos e intelectuales, egresadas y egresados de la Universidad Aut\u00f3noma \u201cBenito Ju\u00e1rez\u201d de Oaxaca, llamaron a la comunidad universitaria a defender la autonom\u00eda de la m\u00e1xima casa de estudios, luego de que se diera a conocer la intenci\u00f3n de imponer a una persona externa para dirigir el destino de la instituci\u00f3n.<\/p>\n\n\n\n<p>Lo hicieron mediante una carta en la que recuerdan que la autonom\u00eda de las universidades est\u00e1 consagrada en el art\u00edculo tercero de la Constituci\u00f3n Pol\u00edtica de M\u00e9xico, donde se avala la capacidad de autogobierno de acuerdo con una Ley Org\u00e1nica propia, lo que le permite elegir a sus autoridades.&nbsp;<\/p>\n\n\n\n<p>Por lo anterior pidieron al Poder Ejecutivo estatal deslindarse de la presunta intromisi\u00f3n, pues aseguraron que est\u00e1 obligado a respetar la rector\u00eda particular de la UABJO, as\u00ed como los requisitos y procedimiento para elegir a sus autoridades, que adem\u00e1s deben formar parte de la comunidad universitaria a quien va a representar.<\/p>\n\n\n\n<p>\u201cLos universitarios que firmamos el presente documento, ante las insistentes versiones extraoficiales de que el Gobierno del Estado, aprovechando la pandemia, pretende imponer como rector a un funcionario p\u00fablico que no re\u00fane los requisitos establecidos en la Ley Org\u00e1nica, expresamos nuestro rechazo a tal pretensi\u00f3n\u201d, refiere el documento.\u00a0<\/p>\n\n\n\n<figure class=\"wp-block-embed-twitter wp-block-embed is-type-rich is-provider-twitter\"><div class=\"wp-block-embed__wrapper\">\n<div class=\"twitter-tweet\"><blockquote class=\"twitter-tweet\" data-lang=\"es\"><p lang=\"es\" dir=\"ltr\"><a href=\"https:\/\/twitter.com\/hashtag\/PorLaDefensaDeLaAutonom%C3%ADaUABJO?src=hash&amp;ref_src=twsrc%5Etfw\">#PorLaDefensaDeLaAutonom\u00edaUABJO<\/a> <br>Universitarias y Universitarios, exigen respeto a la institucionalidad.<a href=\"https:\/\/twitter.com\/comunica_UABJO?ref_src=twsrc%5Etfw\">@comunica_UABJO<\/a> <a href=\"https:\/\/twitter.com\/Bautistaeduardo?ref_src=twsrc%5Etfw\">@Bautistaeduardo<\/a> <a href=\"https:\/\/t.co\/C79hJ0t6QM\">pic.twitter.com\/C79hJ0t6QM<\/a><\/p>&mdash; UABJO (@UABJO) <a href=\"https:\/\/twitter.com\/UABJO\/status\/1314909266348781569?ref_src=twsrc%5Etfw\">10 de octubre de 2020<\/a><\/blockquote><\/div>\n<\/div><\/figure>\n\n\n\n<p>En este sentido, convocaron a la comunidad universitaria a defender la autonom\u00eda de la m\u00e1xima casa de estudios, as\u00ed como exhortaron al rector Eduardo Bautista Mart\u00ednez que lleve a cabo las acciones jur\u00eddicas correspondiente para evitar la imposici\u00f3n de un rector ajeno a la comunidad y hacer respetar las atribuciones del Consejo Universitario.<\/p>\n\n\n\n<p>Indicaron que para que el rectorado cuente con la legalidad y legitimidad necesaria, se requiere de un o una acad\u00e9mica de prestigio en la instituci\u00f3n y la sociedad para darle solidez a su gesti\u00f3n, ya de por si compleja para cumplir con el objetivo de generar, transmitir y difundir conocimiento en la entidad.&nbsp;&nbsp;<\/p>\n\n\n\n<p>Finalmente, recordaron que la autonom\u00eda no es una concesi\u00f3n, sino que deriva del resultado de la lucha de muchas generaciones de universitarios y universitarias por lo que insistieron en que no debe involucrarse el estado en una decisi\u00f3n que es propia de la comunidad estudiantil, acad\u00e9mica y administrativa de la m\u00e1xima casa de estudios.&nbsp;&nbsp;<\/p>\n\n\n\n<p>La carta est\u00e1 firmada por Francisco Mart\u00ednez Neri, Olga Montes Garc\u00eda, Manuel Matus Manzo, Ana Sylvia Ortiz Quintas, Ignacio Sarmiento S\u00e1nchez, Leticia Dom\u00ednguez Mart\u00ednez, Bartolom\u00e9 Rodolfo Navarro Jim\u00e9nez, Martha Elba P\u00e1ez L\u00f3pez, Maurilio Mayoral G\u00f3mez, Maricela Arellano Ram\u00edrez, Isidoro Yescas Mart\u00ednez, Araceli Hern\u00e1ndez L\u00f3pez, Porfirio Santib\u00e1\u00f1ez Orozco, entre otros.<\/p>\n\n\n\n<figure class=\"wp-block-embed-twitter wp-block-embed is-type-rich is-provider-twitter\"><div class=\"wp-block-embed__wrapper\">\n<div class=\"twitter-tweet\"><blockquote class=\"twitter-tweet\" data-lang=\"es\"><p lang=\"es\" dir=\"ltr\"><a href=\"https:\/\/twitter.com\/hashtag\/Ent%C3%A9rate?src=hash&amp;ref_src=twsrc%5Etfw\">#Ent\u00e9rate<\/a> Universitarias y universitarios, se pronuncian por la defensa de la autonom\u00eda. <a href=\"https:\/\/twitter.com\/hashtag\/PorLaDefensaDeLaAutonom%C3%ADaUABJO?src=hash&amp;ref_src=twsrc%5Etfw\">#PorLaDefensaDeLaAutonom\u00edaUABJO<\/a> | UABJO <a href=\"https:\/\/t.co\/qozK9phnig\">https:\/\/t.co\/qozK9phnig<\/a> <a href=\"https:\/\/twitter.com\/Bautistaeduardo?ref_src=twsrc%5Etfw\">@Bautistaeduardo<\/a> <a href=\"https:\/\/twitter.com\/XhubjRadio?ref_src=twsrc%5Etfw\">@XhubjRadio<\/a> <a href=\"https:\/\/twitter.com\/ECFyD?ref_src=twsrc%5Etfw\">@ECFyD<\/a> <a href=\"https:\/\/twitter.com\/ICE_UABJO?ref_src=twsrc%5Etfw\">@ICE_UABJO<\/a> <a href=\"https:\/\/twitter.com\/IISUABJO?ref_src=twsrc%5Etfw\">@IISUABJO<\/a> <a href=\"https:\/\/twitter.com\/uabjoidiomas?ref_src=twsrc%5Etfw\">@uabjoidiomas<\/a> <a href=\"https:\/\/twitter.com\/FacuUabjo?ref_src=twsrc%5Etfw\">@FacuUabjo<\/a> <a href=\"https:\/\/twitter.com\/FCAUABJOinforma?ref_src=twsrc%5Etfw\">@FCAUABJOinforma<\/a><\/p>&mdash; Comunicaci\u00f3nUABJO (@comunica_UABJO) <a href=\"https:\/\/twitter.com\/comunica_UABJO\/status\/1314788117593821184?ref_src=twsrc%5Etfw\">10 de octubre de 2020<\/a><\/blockquote><\/div>\n<\/div><\/figure>\n","protected":false},"excerpt":{"rendered":"<p>Evlin Arag\u00f3n\/Zona Roja. Oaxaca de Ju\u00e1rez, Oax., 10 de octubre de 2020.- Ex rectores, acad\u00e9micos&hellip;<\/p>\n","protected":false},"author":2,"featured_media":18635,"comment_status":"closed","ping_status":"open","sticky":false,"template":"","format":"standard","meta":{"_lmt_disableupdate":"","_lmt_disable":"","_jetpack_memberships_contains_paid_content":false,"footnotes":""},"categories":[109,46],"tags":[282],"class_list":["post-18634","post","type-post","status-publish","format-standard","has-post-thumbnail","hentry","category-minuto-a-minuto","category-zona-blanca","tag-universidad-autonoma-benito-juarez-de-oaxaca"],"jetpack_featured_media_url":"https:\/\/zonaroja.com.mx\/wp-content\/uploads\/2020\/10\/4-3.jpg","jetpack_sharing_enabled":true,"_links":{"self":[{"href":"https:\/\/zonaroja.com.mx\/index.php?rest_route=\/wp\/v2\/posts\/18634","targetHints":{"allow":["GET"]}}],"collection":[{"href":"https:\/\/zonaroja.com.mx\/index.php?rest_route=\/wp\/v2\/posts"}],"about":[{"href":"https:\/\/zonaroja.com.mx\/index.php?rest_route=\/wp\/v2\/types\/post"}],"author":[{"embeddable":true,"href":"https:\/\/zonaroja.com.mx\/index.php?rest_route=\/wp\/v2\/users\/2"}],"replies":[{"embeddable":true,"href":"https:\/\/zonaroja.com.mx\/index.php?rest_route=%2Fwp%2Fv2%2Fcomments&post=18634"}],"version-history":[{"count":1,"href":"https:\/\/zonaroja.com.mx\/index.php?rest_route=\/wp\/v2\/posts\/18634\/revisions"}],"predecessor-version":[{"id":18636,"href":"https:\/\/zonaroja.com.mx\/index.php?rest_route=\/wp\/v2\/posts\/18634\/revisions\/18636"}],"wp:featuredmedia":[{"embeddable":true,"href":"https:\/\/zonaroja.com.mx\/index.php?rest_route=\/wp\/v2\/media\/18635"}],"wp:attachment":[{"href":"https:\/\/zonaroja.com.mx\/index.php?rest_route=%2Fwp%2Fv2%2Fmedia&parent=18634"}],"wp:term":[{"taxonomy":"category","embeddable":true,"href":"https:\/\/zonaroja.com.mx\/index.php?rest_route=%2Fwp%2Fv2%2Fcategories&post=18634"},{"taxonomy":"post_tag","embeddable":true,"href":"https:\/\/zonaroja.com.mx\/index.php?rest_route=%2Fwp%2Fv2%2Ftags&post=18634"}],"curies":[{"name":"wp","href":"https:\/\/api.w.org\/{rel}","templated":true}]}}