{"id":18637,"date":"2020-10-10T14:03:28","date_gmt":"2020-10-10T19:03:28","guid":{"rendered":"http:\/\/www.zonaroja.com.mx\/?p=18637"},"modified":"2020-10-10T14:03:32","modified_gmt":"2020-10-10T19:03:32","slug":"acceso-total-al-zocalo-y-alameda-de-oaxaca-con-tianguis-en-pleno-repunte-de-covid","status":"publish","type":"post","link":"https:\/\/zonaroja.com.mx\/?p=18637","title":{"rendered":"Acceso total al z\u00f3calo y Alameda de Oaxaca, con tianguis en pleno repunte de Covid"},"content":{"rendered":"\n<p>Yuridiana Sosa\/Zona Roja.<\/p>\n\n\n\n<p>Oaxaca de Ju\u00e1rez, Oax., 10 de octubre de 2020.-&nbsp; En v\u00edsperas de transitar nuevamente en sem\u00e1foro epidemiol\u00f3gico naranja, por el incremento de casos Covid en Oaxaca, el z\u00f3calo y la Alameda de la capital son a\u00fan epicentro de concentraci\u00f3n masiva de personas, de la actividad comercial y zona de riego para contagios.<\/p>\n\n\n\n<p>Ni el anunci\u00f3 de los Servicios de Salud de Oaxaca de 705 nuevos contagios para la entidad &#8211;de ellos 185 para la capital del estado&#8211; la noche de este viernes pudo con el monstruo en que se ha convertido la plaza de la Constituci\u00f3n.<\/p>\n\n\n\n<p>Desde temprana hora de este s\u00e1bado, la actividad comercial comenz\u00f3 por parte de los vendedores informales de las diferentes organizaciones, que han copado la plaza desde hace varias semanas.<\/p>\n\n\n\n<p>Todos los accesos al lugar est\u00e1n abiertos a la poblaci\u00f3n, sin vigilancia y sin medidas de sanidad. En la plaza mayor y en la Alameda de Le\u00f3n no hay restricci\u00f3n a pesar del anuncio de que Oaxaca retrocede en los niveles de riesgo para superar la pandemia.<\/p>\n\n\n\n<p>La noche de este viernes una intensa movilizaci\u00f3n de cuerpos policiales en cada uno de los accesos a las planchas p\u00fablicas alert\u00f3 sobre un posible cierre a estos sitios como medida de prevenci\u00f3n para evitar la propagaci\u00f3n de contagios. Pero no ocurri\u00f3.<\/p>\n\n\n\n<p>Los puestos en los corredores del z\u00f3calo, entre las jardineras y los portales, han reducido el paso de los transe\u00fantes; es imposible mantener distancias sugeridas mientras que ciudadanos y turistas transitan sin uso de cubrebocas.<\/p>\n\n\n\n<p>Trabajadores de las agencias tur\u00edsticas tambi\u00e9n buscan el ingreso diario. El z\u00f3calo es el estanque donde pueden atrapar a alg\u00fan posible cliente, pues desde hace varias semanas se ha distinguido la presencia cada vez m\u00e1s de visitantes.<\/p>\n\n\n\n<figure class=\"wp-block-embed-twitter wp-block-embed is-type-rich is-provider-twitter\"><div class=\"wp-block-embed__wrapper\">\n<div class=\"twitter-tweet\"><blockquote class=\"twitter-tweet\" data-lang=\"es\"><p lang=\"es\" dir=\"ltr\"><a href=\"https:\/\/twitter.com\/hashtag\/ENVIVO?src=hash&amp;ref_src=twsrc%5Etfw\">#ENVIVO<\/a><br>Oaxaca de Ju\u00e1rez, Oax., 10 de octubre de 2020.- A pesar del incremento de casos de Covid-19 en <a href=\"https:\/\/twitter.com\/hashtag\/Oaxaca?src=hash&amp;ref_src=twsrc%5Etfw\">#Oaxaca<\/a>, particularmente en la capital, los accesos al z\u00f3calo y la Alameda no han sido restringidos; mucha gente en la zona.  <br>Transmisi\u00f3n: \ud83d\udc47<a href=\"https:\/\/t.co\/Ieoyeje0Jw\">https:\/\/t.co\/Ieoyeje0Jw<\/a> <a href=\"https:\/\/t.co\/jsmDS9QwI4\">pic.twitter.com\/jsmDS9QwI4<\/a><\/p>&mdash; Zona Roja Oaxaca (@MexRoja) <a href=\"https:\/\/twitter.com\/MexRoja\/status\/1314936976534122497?ref_src=twsrc%5Etfw\">10 de octubre de 2020<\/a><\/blockquote><\/div>\n<\/div><\/figure>\n\n\n\n<p>Los gu\u00edas prometen la implementaci\u00f3n de las medidas de sanidad para evitar contagios al tiempo que muestran, en corta distancia con los turistas, el cat\u00e1logo de los posibles destinos que ya est\u00e1n dispuesto a recibirlos, a pesar que la realidad sobre la pandemia es alarmante.<\/p>\n\n\n\n<p>En la Alameda de Le\u00f3n tambi\u00e9n se vive una verbena popular, pues a pesar que los llamados \u201cferieros\u201d retiraron los juegos mec\u00e1nicos que instalaron la semana pasada, todav\u00eda mantienen otros puestos dedicados a juegos o ventas de comida.<\/p>\n\n\n\n<p>La respuesta tard\u00eda de la autoridad municipal de Oaxaca de Ju\u00e1rez, a cargo de Oswaldo Garc\u00eda Jarqu\u00edn &#8211;quien tambi\u00e9n contrajo la enfermedad&#8211;,&nbsp; y la falta de soluciones por parte de la Secretar\u00eda General de Gobierno, sobre los problemas sociales podr\u00edan derivar en un escenario m\u00e1s grave para la capital oaxaque\u00f1a, que ya alcanz\u00f3 los cinco mil 255 casos.<\/p>\n\n\n\n<p>Hasta el momento, son al menos cinco organizaciones sociales que se mantienen en el z\u00f3calo de Oaxaca, entre ellas Uni\u00f3n de Comerciantes Oaxaque\u00f1os en Lucha, MULT, \u201cSol Rojo\u201d, Frente Popular \u201c14 de Junio\u201d, estos \u00faltimos los m\u00e1s recientes, que llegaron a copar totalmente el espacio, desde el 16 de septiembre pasado.<\/p>\n\n\n\n<figure class=\"wp-block-image size-large\"><img decoding=\"async\" width=\"640\" height=\"481\" src=\"http:\/\/www.zonaroja.com.mx\/wp-content\/uploads\/2020\/10\/Zocalo-Oaxaca.jpg\" alt=\"\" class=\"wp-image-18638\" srcset=\"https:\/\/zonaroja.com.mx\/wp-content\/uploads\/2020\/10\/Zocalo-Oaxaca.jpg 640w, https:\/\/zonaroja.com.mx\/wp-content\/uploads\/2020\/10\/Zocalo-Oaxaca-300x225.jpg 300w, https:\/\/zonaroja.com.mx\/wp-content\/uploads\/2020\/10\/Zocalo-Oaxaca-585x440.jpg 585w\" sizes=\"(max-width: 640px) 100vw, 640px\" \/><\/figure>\n","protected":false},"excerpt":{"rendered":"<p>Yuridiana Sosa\/Zona Roja. Oaxaca de Ju\u00e1rez, Oax., 10 de octubre de 2020.-&nbsp; En v\u00edsperas de&hellip;<\/p>\n","protected":false},"author":2,"featured_media":18639,"comment_status":"closed","ping_status":"open","sticky":false,"template":"","format":"standard","meta":{"_lmt_disableupdate":"","_lmt_disable":"","_jetpack_memberships_contains_paid_content":false,"footnotes":""},"categories":[109,47],"tags":[1512],"class_list":["post-18637","post","type-post","status-publish","format-standard","has-post-thumbnail","hentry","category-minuto-a-minuto","category-zona-gris","tag-coronavirus-oaxaca"],"jetpack_featured_media_url":"https:\/\/zonaroja.com.mx\/wp-content\/uploads\/2020\/10\/Coronavirus-zocalo-Oaxaca.jpg","jetpack_sharing_enabled":true,"_links":{"self":[{"href":"https:\/\/zonaroja.com.mx\/index.php?rest_route=\/wp\/v2\/posts\/18637","targetHints":{"allow":["GET"]}}],"collection":[{"href":"https:\/\/zonaroja.com.mx\/index.php?rest_route=\/wp\/v2\/posts"}],"about":[{"href":"https:\/\/zonaroja.com.mx\/index.php?rest_route=\/wp\/v2\/types\/post"}],"author":[{"embeddable":true,"href":"https:\/\/zonaroja.com.mx\/index.php?rest_route=\/wp\/v2\/users\/2"}],"replies":[{"embeddable":true,"href":"https:\/\/zonaroja.com.mx\/index.php?rest_route=%2Fwp%2Fv2%2Fcomments&post=18637"}],"version-history":[{"count":1,"href":"https:\/\/zonaroja.com.mx\/index.php?rest_route=\/wp\/v2\/posts\/18637\/revisions"}],"predecessor-version":[{"id":18640,"href":"https:\/\/zonaroja.com.mx\/index.php?rest_route=\/wp\/v2\/posts\/18637\/revisions\/18640"}],"wp:featuredmedia":[{"embeddable":true,"href":"https:\/\/zonaroja.com.mx\/index.php?rest_route=\/wp\/v2\/media\/18639"}],"wp:attachment":[{"href":"https:\/\/zonaroja.com.mx\/index.php?rest_route=%2Fwp%2Fv2%2Fmedia&parent=18637"}],"wp:term":[{"taxonomy":"category","embeddable":true,"href":"https:\/\/zonaroja.com.mx\/index.php?rest_route=%2Fwp%2Fv2%2Fcategories&post=18637"},{"taxonomy":"post_tag","embeddable":true,"href":"https:\/\/zonaroja.com.mx\/index.php?rest_route=%2Fwp%2Fv2%2Ftags&post=18637"}],"curies":[{"name":"wp","href":"https:\/\/api.w.org\/{rel}","templated":true}]}}