{"id":18641,"date":"2020-10-10T15:27:35","date_gmt":"2020-10-10T20:27:35","guid":{"rendered":"http:\/\/www.zonaroja.com.mx\/?p=18641"},"modified":"2020-10-10T15:27:39","modified_gmt":"2020-10-10T20:27:39","slug":"desaparece-otra-joven-en-la-region-cuenca-y-una-mas-en-la-costa","status":"publish","type":"post","link":"https:\/\/zonaroja.com.mx\/?p=18641","title":{"rendered":"Desaparece otra joven en la regi\u00f3n Cuenca y una m\u00e1s en la Costa"},"content":{"rendered":"\n<p>Yuridiana Sosa\/Zona Roja.<\/p>\n\n\n\n<p>Oaxaca de Ju\u00e1rez, Oax., 10 de octubre de 2020.- La desaparici\u00f3n y no localizaci\u00f3n de j\u00f3venes mujeres en Oaxaca se han convertido en un problema de inseguridad que cada d\u00eda suman nuevas v\u00edctimas.<\/p>\n\n\n\n<p>La ficha de b\u00fasqueda m\u00e1s reciente que emiti\u00f3 la Fiscal\u00eda General de Oaxaca fue para localizar a Luc\u00eda Vicente Mart\u00ednez, de 28 a\u00f1os, vista por \u00faltima vez el pasado 5 de octubre en la localidad de Monte Flor, del municipio de San Juan Bautista Valle Nacional, en la regi\u00f3n de la Cuenca.<\/p>\n\n\n\n<p>Las autoridades, por medio de la Unidad de B\u00fasqueda de Personas No Localizadas y Desaparecidas (DNOL), emitieron la alerta este 9 de octubre por la noche, luego de casi cuatro d\u00edas que sus familiares perdieron comunicaci\u00f3n con la joven.<\/p>\n\n\n\n<p>Como se\u00f1a particular, Luc\u00eda tiene un tatuaje peque\u00f1o en forma de coraz\u00f3n en la parte interna del antebrazo izquierdo, cerca de la mu\u00f1eca. Mide 1.50 metros, es de tez morena clara, cara ovalado, cabello negro, quebrado corto a los hombros.<\/p>\n\n\n\n<p>Tambi\u00e9n se emiti\u00f3 una ficha para buscar a Frida Pereyra Ramos, de 14 a\u00f1os, quien fue vista por \u00faltima vez el pasado 7 de octubre en San Pedro Pochutla. Como se\u00f1a particular tiene un lunar en la ceja derecha, una cicatriz por quemadura en la pierna derecha y cicatriz en rodilla izquierda.<\/p>\n\n\n\n<p>La menor de edad mide 1.60 metros, aproximadamente, complexi\u00f3n delgada, tez morena clara y cabello casta\u00f1o claro y corto.<\/p>\n\n\n\n<p>De acuerdo al conteo hemerogr\u00e1fico que realiza Consorcio para el Di\u00e1logo Parlamentario y la Equidad Oaxaca, en el transcurso del mes de octubre se han reportado la desaparici\u00f3n de 13 mujeres, entre ni\u00f1as y mayores de edad, por diferentes causas.<\/p>\n\n\n\n<p>Mientras que al corte de este 10 de octubre, se registra un total de 249 en lo que va del 2020, algunas de ellas, han sido localizadas, pero en otros casos no existen avances en las investigaciones para dar con su paradero.<\/p>\n","protected":false},"excerpt":{"rendered":"<p>Yuridiana Sosa\/Zona Roja. Oaxaca de Ju\u00e1rez, Oax., 10 de octubre de 2020.- La desaparici\u00f3n y&hellip;<\/p>\n","protected":false},"author":2,"featured_media":18642,"comment_status":"closed","ping_status":"open","sticky":false,"template":"","format":"standard","meta":{"_lmt_disableupdate":"","_lmt_disable":"","_jetpack_memberships_contains_paid_content":false,"footnotes":""},"categories":[109,47],"tags":[455],"class_list":["post-18641","post","type-post","status-publish","format-standard","has-post-thumbnail","hentry","category-minuto-a-minuto","category-zona-gris","tag-mujeres-desaparecidas-oaxaca"],"jetpack_featured_media_url":"https:\/\/zonaroja.com.mx\/wp-content\/uploads\/2020\/10\/Desaparecida-Valle-Nacional.jpg","jetpack_sharing_enabled":true,"_links":{"self":[{"href":"https:\/\/zonaroja.com.mx\/index.php?rest_route=\/wp\/v2\/posts\/18641","targetHints":{"allow":["GET"]}}],"collection":[{"href":"https:\/\/zonaroja.com.mx\/index.php?rest_route=\/wp\/v2\/posts"}],"about":[{"href":"https:\/\/zonaroja.com.mx\/index.php?rest_route=\/wp\/v2\/types\/post"}],"author":[{"embeddable":true,"href":"https:\/\/zonaroja.com.mx\/index.php?rest_route=\/wp\/v2\/users\/2"}],"replies":[{"embeddable":true,"href":"https:\/\/zonaroja.com.mx\/index.php?rest_route=%2Fwp%2Fv2%2Fcomments&post=18641"}],"version-history":[{"count":1,"href":"https:\/\/zonaroja.com.mx\/index.php?rest_route=\/wp\/v2\/posts\/18641\/revisions"}],"predecessor-version":[{"id":18643,"href":"https:\/\/zonaroja.com.mx\/index.php?rest_route=\/wp\/v2\/posts\/18641\/revisions\/18643"}],"wp:featuredmedia":[{"embeddable":true,"href":"https:\/\/zonaroja.com.mx\/index.php?rest_route=\/wp\/v2\/media\/18642"}],"wp:attachment":[{"href":"https:\/\/zonaroja.com.mx\/index.php?rest_route=%2Fwp%2Fv2%2Fmedia&parent=18641"}],"wp:term":[{"taxonomy":"category","embeddable":true,"href":"https:\/\/zonaroja.com.mx\/index.php?rest_route=%2Fwp%2Fv2%2Fcategories&post=18641"},{"taxonomy":"post_tag","embeddable":true,"href":"https:\/\/zonaroja.com.mx\/index.php?rest_route=%2Fwp%2Fv2%2Ftags&post=18641"}],"curies":[{"name":"wp","href":"https:\/\/api.w.org\/{rel}","templated":true}]}}