{"id":18644,"date":"2020-10-10T15:40:49","date_gmt":"2020-10-10T20:40:49","guid":{"rendered":"http:\/\/www.zonaroja.com.mx\/?p=18644"},"modified":"2020-10-10T15:40:52","modified_gmt":"2020-10-10T20:40:52","slug":"registra-consorcio-906-feminicidios-desde-la-tipificacion-del-delito-en-oaxaca","status":"publish","type":"post","link":"https:\/\/zonaroja.com.mx\/?p=18644","title":{"rendered":"Registra Consorcio 906 feminicidios desde la tipificaci\u00f3n del delito en Oaxaca"},"content":{"rendered":"\n<p>Redacci\u00f3n\/Zona Roja.<\/p>\n\n\n\n<p>Oaxaca de Ju\u00e1rez, Oax., 10 de octubre de 2020.- En octubre de 2012 el feminicidio se tipific\u00f3 como un delito en el estado de Oaxaca y se establece como tal en el art\u00edculo 411 del C\u00f3digo Penal del estado.<\/p>\n\n\n\n<p>De entonces a la fecha, Consorcio para el Di\u00e1logo Parlamentario y la Equidad Oaxaca ha registrado 906 asesinatos de mujeres por raz\u00f3n de g\u00e9nero, de los cuales el 51% (463 casos) han ocurrido durante el gobierno de Alejandro Murat Hinojosa.<\/p>\n\n\n\n<p>En un comunicado, expuso que el \u00faltimo caso registrado en la Plataforma de Violencia Feminicida en Oaxaca fue el de Norma B., quien desapareci\u00f3 desde el 17 de septiembre de 2020 en el municipio de San Andr\u00e9s Zautla, Etla.<\/p>\n\n\n\n<p>Dos semanas despu\u00e9s fue hallada muerta y fue su propio esposo quien la mat\u00f3 luego de una brutal golpiza, la estrangul\u00f3 y despu\u00e9s la arroj\u00f3 dentro de un pozo.<\/p>\n\n\n\n<p>Detall\u00f3 que en el an\u00e1lisis de datos sobre violencia feminicida en la entidad, la organizaci\u00f3n feminista destaca lo siguiente:<\/p>\n\n\n\n<p>* En los casos en que se conoce la edad de los feminicidas, la mayor\u00eda se ubica entre los 21 y 30 a\u00f1os (43%); le siguen los de 14 a 20 a\u00f1os (21%) y en tercer lugar los de 31 a 40 a\u00f1os (14%).<\/p>\n\n\n\n<p>* El 30% de los asesinos ten\u00edan o tuvieron una relaci\u00f3n de pareja con las v\u00edctimas y 40% de los casos no cuentan con datos sobre la relaci\u00f3n de los feminicidas con las mujeres asesinadas.<\/p>\n\n\n\n<p>* Las mujeres v\u00edctimas de feminicidio cuya edad se ubica entre los 21 y 30 a\u00f1os (96 casos) y entre los 31 y 40 a\u00f1os de edad (92 casos) son las que mayoritariamente son asesinadas en Oaxaca.<\/p>\n\n\n\n<p>Valles Centrales, Istmo de Tehuantepec, Costa y la Cuenca del Papalopam suman 74% de los feminicidios ocurridos del 1 de diciembre de 2016 a la fecha.<\/p>\n\n\n\n<p>* La cifra m\u00e1s alta de feminicidios se registra en 2019 con 135 casos, de los cuales 70% fueron con disparo y 40% por comandos o grupos armados.<\/p>\n\n\n\n<p>* En 2016 los feminicidios en la entidad crecieron 53%, respecto a 2015; en 2017 incrementaron 4%, respecto a 2016; en 2018 se observa un decremento tan solo del 1%, respecto a 2017 y en 2019 incrementaron 15%, respecto a 2018.<\/p>\n\n\n\n<p>* En 2020 se han registrado 82 feminicidios, de los cuales 63% (52 casos) han ocurrido en el periodo de pandemia, es decir del 21 de marzo de 2020 a la fecha.<\/p>\n\n\n\n<p>* Resulta preocupante que, dentro del mismo periodo, 75% de los cuerpos de las v\u00edctimas de feminicidio fueron encontrados en espacios p\u00fablicos y 25% en espacios dom\u00e9sticos.<\/p>\n\n\n\n<p>Consorcio a\u00f1adi\u00f3 en su comunicado que los feminicidios en Oaxaca son reflejo de las violencias m\u00faltiples que viven las mujeres en un pa\u00eds donde son v\u00edctimas de diversos agresores, que pueden ser desde los familiares o conocidos -muy cercanos-, hasta extra\u00f1os o grupos del crimen organizado.<\/p>\n\n\n\n<p>De acuerdo con informaci\u00f3n del INEGI, en el periodo de 2016 a 2018 Oaxaca se ubic\u00f3 entre las entidades que presentan las tasas m\u00e1s altas en homicidios de mujeres (INEGI, 2019), sin que a la fecha, la Fiscal\u00eda General del Estado ofrezca informaci\u00f3n relevante sobre las carpetas de investigaci\u00f3n que permitan constatar que el gobierno de Alejandro Murat sanciona a los feminicidas que, en promedio, asesinan a una mujer cada tercer d\u00eda en el estado.<\/p>\n","protected":false},"excerpt":{"rendered":"<p>Redacci\u00f3n\/Zona Roja. Oaxaca de Ju\u00e1rez, Oax., 10 de octubre de 2020.- En octubre de 2012&hellip;<\/p>\n","protected":false},"author":2,"featured_media":12920,"comment_status":"closed","ping_status":"open","sticky":false,"template":"","format":"standard","meta":{"_lmt_disableupdate":"","_lmt_disable":"","_jetpack_memberships_contains_paid_content":false,"footnotes":""},"categories":[109,47],"tags":[610],"class_list":["post-18644","post","type-post","status-publish","format-standard","has-post-thumbnail","hentry","category-minuto-a-minuto","category-zona-gris","tag-feminicidios-oaxaca"],"jetpack_featured_media_url":"https:\/\/zonaroja.com.mx\/wp-content\/uploads\/2020\/05\/Feminicidios-ni-una-m\u00e1s.png","jetpack_sharing_enabled":true,"_links":{"self":[{"href":"https:\/\/zonaroja.com.mx\/index.php?rest_route=\/wp\/v2\/posts\/18644","targetHints":{"allow":["GET"]}}],"collection":[{"href":"https:\/\/zonaroja.com.mx\/index.php?rest_route=\/wp\/v2\/posts"}],"about":[{"href":"https:\/\/zonaroja.com.mx\/index.php?rest_route=\/wp\/v2\/types\/post"}],"author":[{"embeddable":true,"href":"https:\/\/zonaroja.com.mx\/index.php?rest_route=\/wp\/v2\/users\/2"}],"replies":[{"embeddable":true,"href":"https:\/\/zonaroja.com.mx\/index.php?rest_route=%2Fwp%2Fv2%2Fcomments&post=18644"}],"version-history":[{"count":1,"href":"https:\/\/zonaroja.com.mx\/index.php?rest_route=\/wp\/v2\/posts\/18644\/revisions"}],"predecessor-version":[{"id":18645,"href":"https:\/\/zonaroja.com.mx\/index.php?rest_route=\/wp\/v2\/posts\/18644\/revisions\/18645"}],"wp:featuredmedia":[{"embeddable":true,"href":"https:\/\/zonaroja.com.mx\/index.php?rest_route=\/wp\/v2\/media\/12920"}],"wp:attachment":[{"href":"https:\/\/zonaroja.com.mx\/index.php?rest_route=%2Fwp%2Fv2%2Fmedia&parent=18644"}],"wp:term":[{"taxonomy":"category","embeddable":true,"href":"https:\/\/zonaroja.com.mx\/index.php?rest_route=%2Fwp%2Fv2%2Fcategories&post=18644"},{"taxonomy":"post_tag","embeddable":true,"href":"https:\/\/zonaroja.com.mx\/index.php?rest_route=%2Fwp%2Fv2%2Ftags&post=18644"}],"curies":[{"name":"wp","href":"https:\/\/api.w.org\/{rel}","templated":true}]}}